{"id":49360,"date":"2024-02-06T01:08:00","date_gmt":"2024-02-06T04:08:00","guid":{"rendered":"https:\/\/panoramadelsur.com.ar\/?p=49360"},"modified":"2024-02-05T15:56:07","modified_gmt":"2024-02-05T18:56:07","slug":"el-verano-se-vive-a-pleno-en-el-parque-de-la-familia-y-los-animales","status":"publish","type":"post","link":"https:\/\/panoramadelsur.com.ar\/?p=49360","title":{"rendered":"EL VERANO SE VIVE A PLENO EN EL PARQUE DE LA FAMILIA Y LOS ANIMALES"},"content":{"rendered":"\n<p class=\"wp-block-paragraph\" id=\"geom_inter_1707158108200_23_25\"><strong>El Parque Municipal de la Familia y los Animales -ubicado en Av. Ranelagh y Milazzo- es una opci\u00f3n ideal para disfrutar durante febrero en familia, con amigos y junto a los animalitos de compa\u00f1\u00eda. Es un espacio pensado para la recreaci\u00f3n y el disfrute al aire libre. Abre todos los d\u00edas (incluso s\u00e1bados, domingos y feriados), de 10.00 a 18.00, con entrada libre y gratuita.<\/strong><\/p>\n\n\n\n<p class=\"wp-block-paragraph\" id=\"geom_inter_1707158108198_54_24\">Asimismo, cuenta con una Granja Educativa que se puede visitar los s\u00e1bados, domingos y feriados -en el mismo horario-, donde los profesionales de la Secretar\u00eda de Salud P\u00fablica e Higiene de la Municipalidad de Berazategui resguardan y cuidan animales rescatados, como ovejas, cabras, chanchos, conejos, vacas y burros, entre otros.<\/p>\n\n\n\n<p class=\"wp-block-paragraph\">El Parque comprende casi 7 mil metros cuadrados con espacios recreativos, que incluyen un reloj solar y juegos infantiles. Para conocer m\u00e1s, se puede ingresar en&nbsp;<a href=\"http:\/\/corazondezonasur.com.ar\/parque\" target=\"_blank\" rel=\"noreferrer noopener\">corazondezonasur.com.ar\/parque<\/a>.<\/p>\n","protected":false},"excerpt":{"rendered":"<p>El Parque<\/p>\n","protected":false},"author":1,"featured_media":39574,"comment_status":"closed","ping_status":"closed","sticky":false,"template":"","format":"standard","meta":{"footnotes":""},"categories":[3],"tags":[40],"class_list":["post-49360","post","type-post","status-publish","format-standard","has-post-thumbnail","hentry","category-regionales","tag-berazategui"],"_links":{"self":[{"href":"https:\/\/panoramadelsur.com.ar\/index.php?rest_route=\/wp\/v2\/posts\/49360","targetHints":{"allow":["GET"]}}],"collection":[{"href":"https:\/\/panoramadelsur.com.ar\/index.php?rest_route=\/wp\/v2\/posts"}],"about":[{"href":"https:\/\/panoramadelsur.com.ar\/index.php?rest_route=\/wp\/v2\/types\/post"}],"author":[{"embeddable":true,"href":"https:\/\/panoramadelsur.com.ar\/index.php?rest_route=\/wp\/v2\/users\/1"}],"replies":[{"embeddable":true,"href":"https:\/\/panoramadelsur.com.ar\/index.php?rest_route=%2Fwp%2Fv2%2Fcomments&post=49360"}],"version-history":[{"count":1,"href":"https:\/\/panoramadelsur.com.ar\/index.php?rest_route=\/wp\/v2\/posts\/49360\/revisions"}],"predecessor-version":[{"id":49362,"href":"https:\/\/panoramadelsur.com.ar\/index.php?rest_route=\/wp\/v2\/posts\/49360\/revisions\/49362"}],"wp:featuredmedia":[{"embeddable":true,"href":"https:\/\/panoramadelsur.com.ar\/index.php?rest_route=\/wp\/v2\/media\/39574"}],"wp:attachment":[{"href":"https:\/\/panoramadelsur.com.ar\/index.php?rest_route=%2Fwp%2Fv2%2Fmedia&parent=49360"}],"wp:term":[{"taxonomy":"category","embeddable":true,"href":"https:\/\/panoramadelsur.com.ar\/index.php?rest_route=%2Fwp%2Fv2%2Fcategories&post=49360"},{"taxonomy":"post_tag","embeddable":true,"href":"https:\/\/panoramadelsur.com.ar\/index.php?rest_route=%2Fwp%2Fv2%2Ftags&post=49360"}],"curies":[{"name":"wp","href":"https:\/\/api.w.org\/{rel}","templated":true}]}}