{"id":49363,"date":"2024-02-06T01:05:00","date_gmt":"2024-02-06T04:05:00","guid":{"rendered":"https:\/\/panoramadelsur.com.ar\/?p=49363"},"modified":"2024-02-05T16:17:47","modified_gmt":"2024-02-05T19:17:47","slug":"jornada-tradicionalista-para-conmemorar-los-133-anos-de-florencio-varela","status":"publish","type":"post","link":"https:\/\/panoramadelsur.com.ar\/?p=49363","title":{"rendered":"JORNADA TRADICIONALISTA PARA CONMEMORAR LOS 133 A\u00d1OS DE FLORENCIO VARELA"},"content":{"rendered":"\n<p class=\"wp-block-paragraph\">Cientos de vecinos y vecinas compartieron el desfile de jinetes, carruajes e instituciones esta ma\u00f1ana sobre Av. San Mart\u00edn, con el 133\u00b0 aniversario del distrito como contexto.&nbsp;<\/p>\n\n\n\n<p class=\"wp-block-paragraph\">En representaci\u00f3n del intendente -Andr\u00e9s Watson-, el secretario de Cultura, Deportes y Recreaci\u00f3n -Mauricio Rodr\u00edguez- valor\u00f3 \u201ccuidar las costumbres aut\u00f3ctonas y valores arraigados en nuestra comunidad\u201d.&nbsp;<\/p>\n\n\n\n<p class=\"wp-block-paragraph\">Durante la fiesta campera, marcharon representantes de las fuerzas vivas del partido, as\u00ed como miembros de entidades locales y de la regi\u00f3n.&nbsp;<\/p>\n\n\n\n<p class=\"wp-block-paragraph\">De barrio Centro, Ana concurri\u00f3 junto a su familia. Consider\u00f3 la jornada como una \u00abde mucha emoci\u00f3n\u00bb. \u00abMe crie entre caballos\u00bb, asegur\u00f3 la mujer de herencia gauchesca. Para cerrar, agradeci\u00f3 al Municipio \u201cpor acompa\u00f1ar este evento y mantener la tradici\u00f3n\u201d.&nbsp;<\/p>\n\n\n\n<p class=\"wp-block-paragraph\">Juan Miguel, frentista de Paran\u00e1, asisti\u00f3 con su hija y su esposa. \u201cNos pareci\u00f3 espectacular como en cada oportunidad\u201d, afirm\u00f3. El hombre anhel\u00f3 \u201cnunca perder este tipo de jornadas\u201d.&nbsp;<\/p>\n\n\n\n<p class=\"wp-block-paragraph\">El encuentro criollo, organizado por el Fort\u00edn \u201cLa Tropilla\u201d, continu\u00f3 por la tarde con actividades de destreza y espect\u00e1culos musicales.<\/p>\n\n\n\n<p class=\"wp-block-paragraph\">Tambi\u00e9n estuvo presente, el titular en la cartera de Relaciones Institucionales de la Comuna -Oscar N\u00fa\u00f1ez-.<\/p>\n","protected":false},"excerpt":{"rendered":"<p>Cientos de<\/p>\n","protected":false},"author":1,"featured_media":39574,"comment_status":"closed","ping_status":"closed","sticky":false,"template":"","format":"standard","meta":{"footnotes":""},"categories":[3],"tags":[30],"class_list":["post-49363","post","type-post","status-publish","format-standard","has-post-thumbnail","hentry","category-regionales","tag-varela"],"_links":{"self":[{"href":"https:\/\/panoramadelsur.com.ar\/index.php?rest_route=\/wp\/v2\/posts\/49363","targetHints":{"allow":["GET"]}}],"collection":[{"href":"https:\/\/panoramadelsur.com.ar\/index.php?rest_route=\/wp\/v2\/posts"}],"about":[{"href":"https:\/\/panoramadelsur.com.ar\/index.php?rest_route=\/wp\/v2\/types\/post"}],"author":[{"embeddable":true,"href":"https:\/\/panoramadelsur.com.ar\/index.php?rest_route=\/wp\/v2\/users\/1"}],"replies":[{"embeddable":true,"href":"https:\/\/panoramadelsur.com.ar\/index.php?rest_route=%2Fwp%2Fv2%2Fcomments&post=49363"}],"version-history":[{"count":1,"href":"https:\/\/panoramadelsur.com.ar\/index.php?rest_route=\/wp\/v2\/posts\/49363\/revisions"}],"predecessor-version":[{"id":49365,"href":"https:\/\/panoramadelsur.com.ar\/index.php?rest_route=\/wp\/v2\/posts\/49363\/revisions\/49365"}],"wp:featuredmedia":[{"embeddable":true,"href":"https:\/\/panoramadelsur.com.ar\/index.php?rest_route=\/wp\/v2\/media\/39574"}],"wp:attachment":[{"href":"https:\/\/panoramadelsur.com.ar\/index.php?rest_route=%2Fwp%2Fv2%2Fmedia&parent=49363"}],"wp:term":[{"taxonomy":"category","embeddable":true,"href":"https:\/\/panoramadelsur.com.ar\/index.php?rest_route=%2Fwp%2Fv2%2Fcategories&post=49363"},{"taxonomy":"post_tag","embeddable":true,"href":"https:\/\/panoramadelsur.com.ar\/index.php?rest_route=%2Fwp%2Fv2%2Ftags&post=49363"}],"curies":[{"name":"wp","href":"https:\/\/api.w.org\/{rel}","templated":true}]}}