{"id":49366,"date":"2024-02-06T01:06:00","date_gmt":"2024-02-06T04:06:00","guid":{"rendered":"https:\/\/panoramadelsur.com.ar\/?p=49366"},"modified":"2024-02-05T16:26:19","modified_gmt":"2024-02-05T19:26:19","slug":"berazategui-refuerza-su-compromiso-con-la-lucha-contra-el-cancer","status":"publish","type":"post","link":"https:\/\/panoramadelsur.com.ar\/?p=49366","title":{"rendered":"BERAZATEGUI REFUERZA SU COMPROMISO CON LA LUCHA CONTRA EL C\u00c1NCER"},"content":{"rendered":"\n<p class=\"wp-block-paragraph\"><strong>El 4 de Febrero se conmemor\u00f3 el D\u00eda Mundial contra el C\u00e1ncer, bajo el lema \u201cPor unos cuidados m\u00e1s justos\u201d. La Municipalidad de Berazategui, a trav\u00e9s de la gesti\u00f3n del Dr. Juan Jos\u00e9 Mussi, se suma a esta campa\u00f1a y refuerza as\u00ed su compromiso con las acciones dirigidas a la detecci\u00f3n temprana y la atenci\u00f3n de calidad.<\/strong><\/p>\n\n\n\n<p class=\"wp-block-paragraph\">Al respecto, el Dr. Sergio Frazao -integrante de la Secretar\u00eda de Salud P\u00fablica e Higiene- informa: \u201cEn Berazategui contamos con los elementos necesarios para el diagn\u00f3stico precoz del c\u00e1ncer. Le pedimos a los vecinos y vecinas que realicen siempre sus controles anuales. La detecci\u00f3n temprana es fundamental. Tambi\u00e9n articulamos con la Red de Salud Mental Municipal para realizar un acompa\u00f1amiento psicol\u00f3gico adecuado\u201d.<\/p>\n\n\n\n<p class=\"wp-block-paragraph\">De acuerdo al profesional, es muy importante mantener h\u00e1bitos saludables y evitar el tabaquismo, el sedentarismo, la baja ingesta de frutas y verduras y el consumo nocivo de alcohol. Estos son factores de riesgo para el c\u00e1ncer que pueden evitarse.<\/p>\n\n\n\n<p class=\"wp-block-paragraph\">Para m\u00e1s informaci\u00f3n acerca de las pol\u00edticas sanitarias de Berazategui y conocer las direcciones de los CAPS, se puede ingresar en&nbsp;<a href=\"http:\/\/berazategui.gob.ar\/salud\" target=\"_blank\" rel=\"noreferrer noopener\">berazategui.gob.ar\/salud<\/a>.<\/p>\n","protected":false},"excerpt":{"rendered":"<p>El 4<\/p>\n","protected":false},"author":1,"featured_media":39574,"comment_status":"closed","ping_status":"closed","sticky":false,"template":"","format":"standard","meta":{"footnotes":""},"categories":[3],"tags":[40],"class_list":["post-49366","post","type-post","status-publish","format-standard","has-post-thumbnail","hentry","category-regionales","tag-berazategui"],"_links":{"self":[{"href":"https:\/\/panoramadelsur.com.ar\/index.php?rest_route=\/wp\/v2\/posts\/49366","targetHints":{"allow":["GET"]}}],"collection":[{"href":"https:\/\/panoramadelsur.com.ar\/index.php?rest_route=\/wp\/v2\/posts"}],"about":[{"href":"https:\/\/panoramadelsur.com.ar\/index.php?rest_route=\/wp\/v2\/types\/post"}],"author":[{"embeddable":true,"href":"https:\/\/panoramadelsur.com.ar\/index.php?rest_route=\/wp\/v2\/users\/1"}],"replies":[{"embeddable":true,"href":"https:\/\/panoramadelsur.com.ar\/index.php?rest_route=%2Fwp%2Fv2%2Fcomments&post=49366"}],"version-history":[{"count":1,"href":"https:\/\/panoramadelsur.com.ar\/index.php?rest_route=\/wp\/v2\/posts\/49366\/revisions"}],"predecessor-version":[{"id":49368,"href":"https:\/\/panoramadelsur.com.ar\/index.php?rest_route=\/wp\/v2\/posts\/49366\/revisions\/49368"}],"wp:featuredmedia":[{"embeddable":true,"href":"https:\/\/panoramadelsur.com.ar\/index.php?rest_route=\/wp\/v2\/media\/39574"}],"wp:attachment":[{"href":"https:\/\/panoramadelsur.com.ar\/index.php?rest_route=%2Fwp%2Fv2%2Fmedia&parent=49366"}],"wp:term":[{"taxonomy":"category","embeddable":true,"href":"https:\/\/panoramadelsur.com.ar\/index.php?rest_route=%2Fwp%2Fv2%2Fcategories&post=49366"},{"taxonomy":"post_tag","embeddable":true,"href":"https:\/\/panoramadelsur.com.ar\/index.php?rest_route=%2Fwp%2Fv2%2Ftags&post=49366"}],"curies":[{"name":"wp","href":"https:\/\/api.w.org\/{rel}","templated":true}]}}