{"id":49378,"date":"2024-02-06T01:07:00","date_gmt":"2024-02-06T04:07:00","guid":{"rendered":"https:\/\/panoramadelsur.com.ar\/?p=49378"},"modified":"2024-02-05T17:05:51","modified_gmt":"2024-02-05T20:05:51","slug":"apresaron-a-un-jubilado-de-89-anos-acusado-de-matar-a-balazos-a-su-hijo-en-banfield","status":"publish","type":"post","link":"https:\/\/panoramadelsur.com.ar\/?p=49378","title":{"rendered":"APRESARON A UN JUBILADO DE 89 A\u00d1OS ACUSADO DE MATAR A BALAZOS A SU HIJO EN BANFIELD"},"content":{"rendered":"\n<p class=\"wp-block-paragraph\">Un jubilado de 89 a\u00f1os fue detenido como acusado de matar de varios balazos a su hijo de 56 en su vivienda de la localidad bonaerense de Banfield, informaron fuentes policiales y judiciales.<\/p>\n\n\n\n<p class=\"wp-block-paragraph\">El hecho se conoci\u00f3 el domingo a la tarde, cuando a ra\u00edz de un llamado tal 911 realizado por vecinos que hab\u00edan escuchado disparos la polic\u00eda lleg\u00f3 a la vivienda situada en Cabrera, a metros del cruce con la calle Valent\u00edn Vergara y a unos 300 metros de la estaci\u00f3n Banfield del Ferrocarril Roca.<\/p>\n\n\n\n<p class=\"wp-block-paragraph\">Una vez all\u00ed, los efectivos hallaron muerto a balazos a Alex Pablo Piccinini (56), hecho por el cual apresaron en el mismo domicilio a su padre, un jubilado de 89, identificado por los voceros como Aldo Alfredo Piccinini.<\/p>\n\n\n\n<p class=\"wp-block-paragraph\">En la vivienda se hall\u00f3 el arma presuntamente empleada en el ataque, una pistola Pietro Beretta .22 que aparentemente el mayor de los hombres hab\u00eda tra\u00eddo de Italia y para cuya tenencia no contaba con la documentaci\u00f3n correspondiente, dijeron los voceros.<\/p>\n\n\n\n<p class=\"wp-block-paragraph\">Los voceros informaron que, en principio, ni siquiera hubo una discusi\u00f3n puntual que haya motivado el crimen, sino que entre padre e hijo hab\u00eda \u00abcomplicaciones y problemas familiares\u00bb de vieja data y que la v\u00edctima se encontraba sin trabajo.<\/p>\n\n\n\n<p class=\"wp-block-paragraph\">Sobre las lesiones presentadas por la v\u00edctima, las fuentes dijeron que recibi\u00f3 varios balazos y que uno de ellos le impact\u00f3 en la clav\u00edcula, aunque se esperan los resultados de la autopsia.<\/p>\n\n\n\n<p class=\"wp-block-paragraph\">La causa qued\u00f3 a cargo de la fiscal Fabiola Juanatey, de la Unidad Funcional de Instrucci\u00f3n (UFI) 2 -especializada en Violencia Familiar y de G\u00e9nero- de los tribunales de Lomas de Zamora.<\/p>\n","protected":false},"excerpt":{"rendered":"<p>Un jubilado<\/p>\n","protected":false},"author":1,"featured_media":39574,"comment_status":"closed","ping_status":"closed","sticky":false,"template":"","format":"standard","meta":{"footnotes":""},"categories":[3],"tags":[365,430],"class_list":["post-49378","post","type-post","status-publish","format-standard","has-post-thumbnail","hentry","category-regionales","tag-banfield","tag-lomas-de-zamora"],"_links":{"self":[{"href":"https:\/\/panoramadelsur.com.ar\/index.php?rest_route=\/wp\/v2\/posts\/49378","targetHints":{"allow":["GET"]}}],"collection":[{"href":"https:\/\/panoramadelsur.com.ar\/index.php?rest_route=\/wp\/v2\/posts"}],"about":[{"href":"https:\/\/panoramadelsur.com.ar\/index.php?rest_route=\/wp\/v2\/types\/post"}],"author":[{"embeddable":true,"href":"https:\/\/panoramadelsur.com.ar\/index.php?rest_route=\/wp\/v2\/users\/1"}],"replies":[{"embeddable":true,"href":"https:\/\/panoramadelsur.com.ar\/index.php?rest_route=%2Fwp%2Fv2%2Fcomments&post=49378"}],"version-history":[{"count":1,"href":"https:\/\/panoramadelsur.com.ar\/index.php?rest_route=\/wp\/v2\/posts\/49378\/revisions"}],"predecessor-version":[{"id":49380,"href":"https:\/\/panoramadelsur.com.ar\/index.php?rest_route=\/wp\/v2\/posts\/49378\/revisions\/49380"}],"wp:featuredmedia":[{"embeddable":true,"href":"https:\/\/panoramadelsur.com.ar\/index.php?rest_route=\/wp\/v2\/media\/39574"}],"wp:attachment":[{"href":"https:\/\/panoramadelsur.com.ar\/index.php?rest_route=%2Fwp%2Fv2%2Fmedia&parent=49378"}],"wp:term":[{"taxonomy":"category","embeddable":true,"href":"https:\/\/panoramadelsur.com.ar\/index.php?rest_route=%2Fwp%2Fv2%2Fcategories&post=49378"},{"taxonomy":"post_tag","embeddable":true,"href":"https:\/\/panoramadelsur.com.ar\/index.php?rest_route=%2Fwp%2Fv2%2Ftags&post=49378"}],"curies":[{"name":"wp","href":"https:\/\/api.w.org\/{rel}","templated":true}]}}