{"id":49381,"date":"2024-02-06T01:08:00","date_gmt":"2024-02-06T04:08:00","guid":{"rendered":"https:\/\/panoramadelsur.com.ar\/?p=49381"},"modified":"2024-02-05T23:56:05","modified_gmt":"2024-02-06T02:56:05","slug":"kinesiologos-suspenderan-atencion-con-obras-sociales-por-falta-de-actualizacion-en-las-prestaciones","status":"publish","type":"post","link":"https:\/\/panoramadelsur.com.ar\/?p=49381","title":{"rendered":"KINESI\u00d3LOGOS SUSPENDER\u00c1N ATENCI\u00d3N CON OBRAS SOCIALES POR FALTA DE ACTUALIZACI\u00d3N EN LAS PRESTACIONES"},"content":{"rendered":"\n<p class=\"wp-block-paragraph\">El Colegio de Kinesi\u00f3logos de la Provincia de Buenos Aires inform\u00f3 que se decidi\u00f3 \u00absuspender la prestaci\u00f3n de los servicios profesionales a los afiliados a Galeno, Osecac y Amebpba debido a la falta de acuerdo en el valor prestacional y a los plazos de pago que presentan estas obras sociales\u00bb.<\/p>\n\n\n\n<p class=\"wp-block-paragraph\">La entidad que agrupa a m\u00e1s de 9.000 kinesi\u00f3logos de toda la Provincia explic\u00f3 que \u00abel valor prestacional actual de \u00e9stas obras sociales y prepagas en la actualidad oscila entre los $2.700 y $2.800 por sesi\u00f3n de kinesiolog\u00eda\u00bb, lo cual -seg\u00fan se explic\u00f3- est\u00e1 desactualizado y requiere ser \u00abadaptado a la situaci\u00f3n que se est\u00e1 viviendo\u00bb.<\/p>\n\n\n\n<p class=\"wp-block-paragraph\">Tambi\u00e9n manifestaron la necesidad de \u00abachicar la demora en cada uno de los pagos\u00bb y se explic\u00f3 -a trav\u00e9s de un comunicado- que \u00ablas condiciones de liquidaci\u00f3n de esos servicios profesionales se concretan a los dos meses de presentadas la facturaci\u00f3n, por lo que el importe que recibe el profesional se ve directamente mermado por los \u00edndices inflacionarios actuales\u00bb.<\/p>\n\n\n\n<p class=\"wp-block-paragraph\">\u00abLos valores prestacionales, que no cubren los costos m\u00ednimos para sostener un consultorio abierto que paga alquileres, secretarias, servicios p\u00fablicos, tasas municipales y provinciales, insumos, aparatolog\u00eda, etc., como los plazos de pagos a dos meses, hacen inviable que un kinesi\u00f3logo pueda sostener el nivel prestacional\u00bb, argumentaron las autoridades del Colegio profesional.<\/p>\n\n\n\n<p class=\"wp-block-paragraph\">Seg\u00fan se detall\u00f3, el organismo mantiene actualmente el di\u00e1logo con el Instituto de Obra M\u00e9dico Asistencial de la provincia (IOMA) y contin\u00faa en estado de alerta en relaci\u00f3n a esta y a otras obras sociales cuyo valores no se acerca a los considerados.<\/p>\n\n\n\n<p class=\"wp-block-paragraph\">\u00abLa decisi\u00f3n de analizar montos y tiempos de pago de todas la obras sociales ser\u00e1n materia de an\u00e1lisis en el marco del estado de alerta, pero como las mismas autoridades han sostenido, no se va a ceder un s\u00f3lo paso en la defensa de lo que se considera justo y se van a tomar las medidas que sean necesarias, poniendo por delante de cada negociaci\u00f3n, el bienestar de todos los kinesi\u00f3logos de la provincia\u00bb, se explic\u00f3. <\/p>\n","protected":false},"excerpt":{"rendered":"<p>El Colegio<\/p>\n","protected":false},"author":1,"featured_media":39574,"comment_status":"closed","ping_status":"closed","sticky":false,"template":"","format":"standard","meta":{"footnotes":""},"categories":[5],"tags":[28,27],"class_list":["post-49381","post","type-post","status-publish","format-standard","has-post-thumbnail","hentry","category-provincia","tag-gba","tag-provincia"],"_links":{"self":[{"href":"https:\/\/panoramadelsur.com.ar\/index.php?rest_route=\/wp\/v2\/posts\/49381","targetHints":{"allow":["GET"]}}],"collection":[{"href":"https:\/\/panoramadelsur.com.ar\/index.php?rest_route=\/wp\/v2\/posts"}],"about":[{"href":"https:\/\/panoramadelsur.com.ar\/index.php?rest_route=\/wp\/v2\/types\/post"}],"author":[{"embeddable":true,"href":"https:\/\/panoramadelsur.com.ar\/index.php?rest_route=\/wp\/v2\/users\/1"}],"replies":[{"embeddable":true,"href":"https:\/\/panoramadelsur.com.ar\/index.php?rest_route=%2Fwp%2Fv2%2Fcomments&post=49381"}],"version-history":[{"count":1,"href":"https:\/\/panoramadelsur.com.ar\/index.php?rest_route=\/wp\/v2\/posts\/49381\/revisions"}],"predecessor-version":[{"id":49383,"href":"https:\/\/panoramadelsur.com.ar\/index.php?rest_route=\/wp\/v2\/posts\/49381\/revisions\/49383"}],"wp:featuredmedia":[{"embeddable":true,"href":"https:\/\/panoramadelsur.com.ar\/index.php?rest_route=\/wp\/v2\/media\/39574"}],"wp:attachment":[{"href":"https:\/\/panoramadelsur.com.ar\/index.php?rest_route=%2Fwp%2Fv2%2Fmedia&parent=49381"}],"wp:term":[{"taxonomy":"category","embeddable":true,"href":"https:\/\/panoramadelsur.com.ar\/index.php?rest_route=%2Fwp%2Fv2%2Fcategories&post=49381"},{"taxonomy":"post_tag","embeddable":true,"href":"https:\/\/panoramadelsur.com.ar\/index.php?rest_route=%2Fwp%2Fv2%2Ftags&post=49381"}],"curies":[{"name":"wp","href":"https:\/\/api.w.org\/{rel}","templated":true}]}}