{"id":49384,"date":"2024-02-06T01:09:00","date_gmt":"2024-02-06T04:09:00","guid":{"rendered":"https:\/\/panoramadelsur.com.ar\/?p=49384"},"modified":"2024-02-06T00:47:10","modified_gmt":"2024-02-06T03:47:10","slug":"sarmiento-recibe-en-junin-al-dificil-defensa-y-justicia-por-la-copa-de-la-liga","status":"publish","type":"post","link":"https:\/\/panoramadelsur.com.ar\/?p=49384","title":{"rendered":"SARMIENTO RECIBE EN JUN\u00cdN AL DIF\u00cdCIL DEFENSA Y JUSTICIA POR LA COPA DE LA LIGA"},"content":{"rendered":"\n<p class=\"wp-block-paragraph\">Sarmiento, que empat\u00f3 en sus dos primeros partidos como visitante, debutar\u00e1 este martes ante su gente en Jun\u00edn cuando reciba a Defensa y Justicia por la tercera fecha de la Zona B de la Copa de la Liga Profesional.<\/p>\n\n\n\n<p class=\"wp-block-paragraph\">El partido se jugar\u00e1 desde las 19 en el estadio Eva Per\u00f3n de Jun\u00edn, ser\u00e1 arbitrado por Fernando Espinoza y en el VAR estar\u00e1 German Delfino, con TV a cargo de la se\u00f1al ESPN.<\/p>\n\n\n\n<p class=\"wp-block-paragraph\">Los de Jun\u00edn, dirigidos por Sergio \u00abHuevo\u00bb Rondina, llegan al encuentro de este martes tras lograr dos empates como visitantes, 0 a 0 ante Tigre y 1-1 ante Boca Juniors, en un partido jugado en el estadio de San Lorenzo. Sarmiento se ubica noveno en la tabla de posiciones.<\/p>\n\n\n\n<p class=\"wp-block-paragraph\">Defensa y Justicia por su parte cay\u00f3 en su debut ante Godoy Cruz, en Mendoza, por 2-0. Pero luego los dirigidos por Julio Vaccari se repusieron con una goleada por 3-0 ante Platense como locales en el Norberto Tito Tomaghello de Florencio Varela.<\/p>\n\n\n\n<p class=\"wp-block-paragraph\">El \u00abHalc\u00f3n\u00bb de Varela se ubica en el quinto lugar de la Zona B.<\/p>\n\n\n\n<p class=\"wp-block-paragraph\">El historial entre ambos equipos en la Primera Divisi\u00f3n es el siguiente: jugaron 5 veces, Sarmiento gan\u00f3 3 y Defensa gan\u00f3 2, sin empates entre ambos.<\/p>\n\n\n\n<p class=\"wp-block-paragraph\">=Posibles formaciones=<\/p>\n\n\n\n<p class=\"wp-block-paragraph\">Sarmiento: Fernando Monetti; El\u00edas L\u00f3pez, Diego Calcaterra, Juan Manuel Insaurralde, Gabriel D\u00edaz; Jos\u00e9 Mauri, Fernando Godoy, Alfredo Amarilla; Sergio Quiroga; Agust\u00edn Fontana o Lisandro L\u00f3pez e Iv\u00e1n Morales. DT: Sergio Rondina.<\/p>\n\n\n\n<p class=\"wp-block-paragraph\">Defensa y Justicia: Enrique Bologna; Nicol\u00e1s Tripichio, Emanuel Aguilera, Santiago Ramos Mingo, Alexis Soto; Franco Romero, Juli\u00e1n L\u00f3pez; Lautaro Fedele, Rodrigo Bogar\u00edn; Nicol\u00e1s Fern\u00e1ndez. DT: Julio C\u00e9sar Vaccari.<\/p>\n\n\n\n<p class=\"wp-block-paragraph\">Cancha: Sarmiento (Jun\u00edn)<\/p>\n\n\n\n<p class=\"wp-block-paragraph\">Hora:19.00<\/p>\n\n\n\n<p class=\"wp-block-paragraph\">Arbitro: Fernando Espinoza<\/p>\n\n\n\n<p class=\"wp-block-paragraph\">VAR: Germ\u00e1n Delfino<\/p>\n\n\n\n<p class=\"wp-block-paragraph\">TV: ESPN<\/p>\n","protected":false},"excerpt":{"rendered":"<p>Sarmiento, que<\/p>\n","protected":false},"author":1,"featured_media":39574,"comment_status":"closed","ping_status":"closed","sticky":false,"template":"","format":"standard","meta":{"footnotes":""},"categories":[6],"tags":[787,22,29,50],"class_list":["post-49384","post","type-post","status-publish","format-standard","has-post-thumbnail","hentry","category-deportes","tag-copa-de-la-liga","tag-futbol","tag-liga-profesional","tag-lpf"],"_links":{"self":[{"href":"https:\/\/panoramadelsur.com.ar\/index.php?rest_route=\/wp\/v2\/posts\/49384","targetHints":{"allow":["GET"]}}],"collection":[{"href":"https:\/\/panoramadelsur.com.ar\/index.php?rest_route=\/wp\/v2\/posts"}],"about":[{"href":"https:\/\/panoramadelsur.com.ar\/index.php?rest_route=\/wp\/v2\/types\/post"}],"author":[{"embeddable":true,"href":"https:\/\/panoramadelsur.com.ar\/index.php?rest_route=\/wp\/v2\/users\/1"}],"replies":[{"embeddable":true,"href":"https:\/\/panoramadelsur.com.ar\/index.php?rest_route=%2Fwp%2Fv2%2Fcomments&post=49384"}],"version-history":[{"count":1,"href":"https:\/\/panoramadelsur.com.ar\/index.php?rest_route=\/wp\/v2\/posts\/49384\/revisions"}],"predecessor-version":[{"id":49386,"href":"https:\/\/panoramadelsur.com.ar\/index.php?rest_route=\/wp\/v2\/posts\/49384\/revisions\/49386"}],"wp:featuredmedia":[{"embeddable":true,"href":"https:\/\/panoramadelsur.com.ar\/index.php?rest_route=\/wp\/v2\/media\/39574"}],"wp:attachment":[{"href":"https:\/\/panoramadelsur.com.ar\/index.php?rest_route=%2Fwp%2Fv2%2Fmedia&parent=49384"}],"wp:term":[{"taxonomy":"category","embeddable":true,"href":"https:\/\/panoramadelsur.com.ar\/index.php?rest_route=%2Fwp%2Fv2%2Fcategories&post=49384"},{"taxonomy":"post_tag","embeddable":true,"href":"https:\/\/panoramadelsur.com.ar\/index.php?rest_route=%2Fwp%2Fv2%2Ftags&post=49384"}],"curies":[{"name":"wp","href":"https:\/\/api.w.org\/{rel}","templated":true}]}}