{"id":49387,"date":"2024-02-06T01:08:00","date_gmt":"2024-02-06T04:08:00","guid":{"rendered":"https:\/\/panoramadelsur.com.ar\/?p=49387"},"modified":"2024-02-05T18:08:50","modified_gmt":"2024-02-05T21:08:50","slug":"atletico-tucuman-buscara-sumar-su-primera-victoria-ante-argentinos","status":"publish","type":"post","link":"https:\/\/panoramadelsur.com.ar\/?p=49387","title":{"rendered":"ATL\u00c9TICO TUCUM\u00c1N BUSCAR\u00c1 SUMAR SU PRIMERA VICTORIA ANTE ARGENTINOS"},"content":{"rendered":"\n<p class=\"wp-block-paragraph\">Atl\u00e9tico Tucum\u00e1n buscar\u00e1 este martes sumar sus primeros tres puntos como local ante Argentinos Juniors, por la tercera fecha de la Zona A de la Copa de la Liga Profesional.<\/p>\n\n\n\n<p class=\"wp-block-paragraph\">El partido se jugar\u00e1 desde las 21.15 en el estadio Monumental Jos\u00e9 Fierro de la capital tucumana, ser\u00e1 arbitrado por Jorge Bali\u00f1o y el VAR estar\u00e1 a cargo de Nicol\u00e1s Ram\u00edrez. Ser\u00e1 televisado por la se\u00f1al ESPN Premium.<\/p>\n\n\n\n<p class=\"wp-block-paragraph\">Los dirigidos por dupla Favio Orsi y Sergio G\u00f3mez suman un punto de seis jugados y llegan al partido de este martes tras empatar 1-1 ante Rosario Central y caer por 3 a 0 en la \u00faltima fecha ante Instituto en C\u00f3rdoba.<\/p>\n\n\n\n<p class=\"wp-block-paragraph\">Argentinos Juniors, dirigido por Pablo Guede, viene de vencer por 2 a 0 a Deportivo Riestra en La Paternal y hab\u00eda comenzado el torneo con un empate ante River 1 a 1 en el Monumental.<\/p>\n\n\n\n<p class=\"wp-block-paragraph\">En el historial, el \u00abDecano\u00bb tucumano gan\u00f3 6 veces, los de La Paternal lo hicieron en 5 partidos y empataron 3 veces.<\/p>\n\n\n\n<p class=\"wp-block-paragraph\">=Posibles formaciones=<\/p>\n\n\n\n<p class=\"wp-block-paragraph\">Atl\u00e9tico Tucum\u00e1n: Jos\u00e9 Devecchi; Alexis Flores, Nicol\u00e1s Romero, Gonzalo Paz, Agust\u00edn Lagos; Joaqu\u00edn Pereyra, Nicol\u00e1s Castro, Mat\u00edas Orihuela, Adri\u00e1n S\u00e1nchez; Justo Giani y Marcelo Estigarribia. DT: Sergio G\u00f3mez-Favio Orsi.<\/p>\n\n\n\n<p class=\"wp-block-paragraph\">Argentinos Juniors: Diego Rodr\u00edguez; Thiago Santamar\u00eda, Jonatan Galv\u00e1n, Tob\u00edas Palacio y Rom\u00e1n Vega; Alan Rodr\u00edguez, Franco Moyano y Alan Lescano; Jos\u00e9 Mar\u00eda Herrera, Maximiliano Romero y Leonardo Heredia. DT: Pablo Guede.<\/p>\n\n\n\n<p class=\"wp-block-paragraph\">Cancha: Atl\u00e9tico Tucum\u00e1n<\/p>\n\n\n\n<p class=\"wp-block-paragraph\">Hora: 21.15<\/p>\n\n\n\n<p class=\"wp-block-paragraph\">Arbitro: Jorge Bali\u00f1o<\/p>\n\n\n\n<p class=\"wp-block-paragraph\">VAR: Nicol\u00e1s Ram\u00edrez<\/p>\n\n\n\n<p class=\"wp-block-paragraph\">TV: ESPN Premium.<\/p>\n","protected":false},"excerpt":{"rendered":"<p>Atl\u00e9tico Tucum\u00e1n<\/p>\n","protected":false},"author":1,"featured_media":39574,"comment_status":"closed","ping_status":"closed","sticky":false,"template":"","format":"standard","meta":{"footnotes":""},"categories":[6],"tags":[787,22,29,50],"class_list":["post-49387","post","type-post","status-publish","format-standard","has-post-thumbnail","hentry","category-deportes","tag-copa-de-la-liga","tag-futbol","tag-liga-profesional","tag-lpf"],"_links":{"self":[{"href":"https:\/\/panoramadelsur.com.ar\/index.php?rest_route=\/wp\/v2\/posts\/49387","targetHints":{"allow":["GET"]}}],"collection":[{"href":"https:\/\/panoramadelsur.com.ar\/index.php?rest_route=\/wp\/v2\/posts"}],"about":[{"href":"https:\/\/panoramadelsur.com.ar\/index.php?rest_route=\/wp\/v2\/types\/post"}],"author":[{"embeddable":true,"href":"https:\/\/panoramadelsur.com.ar\/index.php?rest_route=\/wp\/v2\/users\/1"}],"replies":[{"embeddable":true,"href":"https:\/\/panoramadelsur.com.ar\/index.php?rest_route=%2Fwp%2Fv2%2Fcomments&post=49387"}],"version-history":[{"count":1,"href":"https:\/\/panoramadelsur.com.ar\/index.php?rest_route=\/wp\/v2\/posts\/49387\/revisions"}],"predecessor-version":[{"id":49389,"href":"https:\/\/panoramadelsur.com.ar\/index.php?rest_route=\/wp\/v2\/posts\/49387\/revisions\/49389"}],"wp:featuredmedia":[{"embeddable":true,"href":"https:\/\/panoramadelsur.com.ar\/index.php?rest_route=\/wp\/v2\/media\/39574"}],"wp:attachment":[{"href":"https:\/\/panoramadelsur.com.ar\/index.php?rest_route=%2Fwp%2Fv2%2Fmedia&parent=49387"}],"wp:term":[{"taxonomy":"category","embeddable":true,"href":"https:\/\/panoramadelsur.com.ar\/index.php?rest_route=%2Fwp%2Fv2%2Fcategories&post=49387"},{"taxonomy":"post_tag","embeddable":true,"href":"https:\/\/panoramadelsur.com.ar\/index.php?rest_route=%2Fwp%2Fv2%2Ftags&post=49387"}],"curies":[{"name":"wp","href":"https:\/\/api.w.org\/{rel}","templated":true}]}}