{"id":49393,"date":"2024-02-06T01:10:00","date_gmt":"2024-02-06T04:10:00","guid":{"rendered":"https:\/\/panoramadelsur.com.ar\/?p=49393"},"modified":"2024-02-05T18:03:59","modified_gmt":"2024-02-05T21:03:59","slug":"hicieron-un-boquete-para-robar-en-una-casa-de-un-barrio-cerrado-en-quilmes-dos-detenidos","status":"publish","type":"post","link":"https:\/\/panoramadelsur.com.ar\/?p=49393","title":{"rendered":"HICIERON UN BOQUETE PARA ROBAR EN UNA CASA DE UN BARRIO CERRADO EN QUILMES: DOS DETENIDOS"},"content":{"rendered":"\n<p class=\"wp-block-paragraph\">Al menos siete delincuentes asaltaron una casa en un barrio de Quilmes, al que accedieron mediante un boquete y, tras maniatar a sus v\u00edctimas, robaron sus pertenencias y otros objetos de valor, hecho por el que fueron detenidos dos sospechosos, informaron fuentes policiales y judiciales.<\/p>\n\n\n\n<p class=\"wp-block-paragraph\">Todo comenz\u00f3 alrededor de las 23.10 del domingo, en el barrio privado Barrancas de Guido, donde entre siete y ocho ladrones realizaron un boquete desde una casa ubicada sobre la calle Monroe, la cual no tiene salida y linda con el predio.<\/p>\n\n\n\n<p class=\"wp-block-paragraph\">Seg\u00fan las fuentes, una vez dentro del barrio, los delincuentes irrumpieron en una vivienda donde maniataron a las cinco personas que se encontraban en el lugar, mientras que una sexta logr\u00f3 escapar y alertar a la guardia del predio que, a su vez, llam\u00f3 al 911.<\/p>\n\n\n\n<p class=\"wp-block-paragraph\">En tanto, los asaltantes se apoderaron de las pertenencias de sus v\u00edctimas y otros objetos de valor y abandonaron el inmueble, aunque dos de ellos fueron detenidos por personal de la comisar\u00eda 1ra. de Quilmes y de la Prefectura Naval Argentina (PNA) a bordo de un Ford Ka estacionado sobre el per\u00edmetro externo del predio, a la altura de la casa robada.<\/p>\n\n\n\n<p class=\"wp-block-paragraph\">Tras la detenci\u00f3n, los dos sospechosos fueron reconocidos luego por algunas de las v\u00edctimas del asalto que sufrieron el robo, entre otras cosas, de sus celulares, dijeron los informantes.<\/p>\n\n\n\n<p class=\"wp-block-paragraph\">Lo ocurrido es investigado por la fiscal Karina Gallo, de la Unidad Funcional de Instrucci\u00f3n (UFI) 4 de Quilmes, quien dispuso una serie de diligencias para identificar al resto de la banda como el an\u00e1lisis de las im\u00e1genes de las c\u00e1maras de seguridad del barrio y sus alrededores. <\/p>\n","protected":false},"excerpt":{"rendered":"<p>Al menos<\/p>\n","protected":false},"author":1,"featured_media":39574,"comment_status":"closed","ping_status":"closed","sticky":false,"template":"","format":"standard","meta":{"footnotes":""},"categories":[2],"tags":[17],"class_list":["post-49393","post","type-post","status-publish","format-standard","has-post-thumbnail","hentry","category-quilmes","tag-quilmes"],"_links":{"self":[{"href":"https:\/\/panoramadelsur.com.ar\/index.php?rest_route=\/wp\/v2\/posts\/49393","targetHints":{"allow":["GET"]}}],"collection":[{"href":"https:\/\/panoramadelsur.com.ar\/index.php?rest_route=\/wp\/v2\/posts"}],"about":[{"href":"https:\/\/panoramadelsur.com.ar\/index.php?rest_route=\/wp\/v2\/types\/post"}],"author":[{"embeddable":true,"href":"https:\/\/panoramadelsur.com.ar\/index.php?rest_route=\/wp\/v2\/users\/1"}],"replies":[{"embeddable":true,"href":"https:\/\/panoramadelsur.com.ar\/index.php?rest_route=%2Fwp%2Fv2%2Fcomments&post=49393"}],"version-history":[{"count":1,"href":"https:\/\/panoramadelsur.com.ar\/index.php?rest_route=\/wp\/v2\/posts\/49393\/revisions"}],"predecessor-version":[{"id":49395,"href":"https:\/\/panoramadelsur.com.ar\/index.php?rest_route=\/wp\/v2\/posts\/49393\/revisions\/49395"}],"wp:featuredmedia":[{"embeddable":true,"href":"https:\/\/panoramadelsur.com.ar\/index.php?rest_route=\/wp\/v2\/media\/39574"}],"wp:attachment":[{"href":"https:\/\/panoramadelsur.com.ar\/index.php?rest_route=%2Fwp%2Fv2%2Fmedia&parent=49393"}],"wp:term":[{"taxonomy":"category","embeddable":true,"href":"https:\/\/panoramadelsur.com.ar\/index.php?rest_route=%2Fwp%2Fv2%2Fcategories&post=49393"},{"taxonomy":"post_tag","embeddable":true,"href":"https:\/\/panoramadelsur.com.ar\/index.php?rest_route=%2Fwp%2Fv2%2Ftags&post=49393"}],"curies":[{"name":"wp","href":"https:\/\/api.w.org\/{rel}","templated":true}]}}