{"id":49399,"date":"2024-02-06T01:07:00","date_gmt":"2024-02-06T04:07:00","guid":{"rendered":"https:\/\/panoramadelsur.com.ar\/?p=49399"},"modified":"2024-02-05T21:58:18","modified_gmt":"2024-02-06T00:58:18","slug":"newells-confirmo-la-incorporacion-de-matko-miljevic","status":"publish","type":"post","link":"https:\/\/panoramadelsur.com.ar\/?p=49399","title":{"rendered":"NEWELL&#8217;S CONFIRM\u00d3 LA INCORPORACI\u00d3N DE MATKO MILJEVIC"},"content":{"rendered":"\n<p class=\"wp-block-paragraph\">Newell&#8217;s confirm\u00f3 la incorporaci\u00f3n de Matko Miljevic, mediocampista mixto de 22 a\u00f1os, formado en las inferiores de Boca Juniors, pero que debut\u00f3 en Argentinos Juniors durante la temporada 2018-19, y que arriba como jugador libre tras su abrupta y conflictiva salida de CF. Montreal de la Major League Soccer (MLS).<\/p>\n\n\n\n<p class=\"wp-block-paragraph\">Miljevic, futbolista nacido en los Estados Unidos, pero de padres argentinos y abuelos croatas, tambi\u00e9n jug\u00f3 en el seleccionado argentino Sub &#8217;18, en el torneo L&#8217;Alcudia 2019, donde fue figura bajo la conducci\u00f3n de Lionel Scaloni.<\/p>\n\n\n\n<p class=\"wp-block-paragraph\">El nuevo refuerzo de Newell&#8217;s dej\u00f3 la MLS y Montreal en forma obligada, porque fue descubierto mientras disputaba un torneo amateur, lugar en donde firmaba la planilla con una identidad falsa. Adem\u00e1s estuvo involucrado en una gresca.<\/p>\n\n\n\n<p class=\"wp-block-paragraph\">Tras esto a Miljevic se le impidi\u00f3 volver a jugar en el torneo americano y no tuvo m\u00e1s opci\u00f3n que rescindir su contrato.<\/p>\n\n\n\n<p class=\"wp-block-paragraph\">Ahora, el futbolista firm\u00f3 con la entidad rosarina hasta diciembre de 2024 con opci\u00f3n de compra por el 50 por ciento del pase.<\/p>\n","protected":false},"excerpt":{"rendered":"<p>Newell&#8217;s confirm\u00f3<\/p>\n","protected":false},"author":1,"featured_media":39574,"comment_status":"closed","ping_status":"closed","sticky":false,"template":"","format":"standard","meta":{"footnotes":""},"categories":[6],"tags":[22],"class_list":["post-49399","post","type-post","status-publish","format-standard","has-post-thumbnail","hentry","category-deportes","tag-futbol"],"_links":{"self":[{"href":"https:\/\/panoramadelsur.com.ar\/index.php?rest_route=\/wp\/v2\/posts\/49399","targetHints":{"allow":["GET"]}}],"collection":[{"href":"https:\/\/panoramadelsur.com.ar\/index.php?rest_route=\/wp\/v2\/posts"}],"about":[{"href":"https:\/\/panoramadelsur.com.ar\/index.php?rest_route=\/wp\/v2\/types\/post"}],"author":[{"embeddable":true,"href":"https:\/\/panoramadelsur.com.ar\/index.php?rest_route=\/wp\/v2\/users\/1"}],"replies":[{"embeddable":true,"href":"https:\/\/panoramadelsur.com.ar\/index.php?rest_route=%2Fwp%2Fv2%2Fcomments&post=49399"}],"version-history":[{"count":1,"href":"https:\/\/panoramadelsur.com.ar\/index.php?rest_route=\/wp\/v2\/posts\/49399\/revisions"}],"predecessor-version":[{"id":49401,"href":"https:\/\/panoramadelsur.com.ar\/index.php?rest_route=\/wp\/v2\/posts\/49399\/revisions\/49401"}],"wp:featuredmedia":[{"embeddable":true,"href":"https:\/\/panoramadelsur.com.ar\/index.php?rest_route=\/wp\/v2\/media\/39574"}],"wp:attachment":[{"href":"https:\/\/panoramadelsur.com.ar\/index.php?rest_route=%2Fwp%2Fv2%2Fmedia&parent=49399"}],"wp:term":[{"taxonomy":"category","embeddable":true,"href":"https:\/\/panoramadelsur.com.ar\/index.php?rest_route=%2Fwp%2Fv2%2Fcategories&post=49399"},{"taxonomy":"post_tag","embeddable":true,"href":"https:\/\/panoramadelsur.com.ar\/index.php?rest_route=%2Fwp%2Fv2%2Ftags&post=49399"}],"curies":[{"name":"wp","href":"https:\/\/api.w.org\/{rel}","templated":true}]}}