{"id":49402,"date":"2024-02-13T01:03:00","date_gmt":"2024-02-13T04:03:00","guid":{"rendered":"https:\/\/panoramadelsur.com.ar\/?p=49402"},"modified":"2024-02-05T22:07:40","modified_gmt":"2024-02-06T01:07:40","slug":"varela-hilvan-puntada-y-pespunte","status":"publish","type":"post","link":"https:\/\/panoramadelsur.com.ar\/?p=49402","title":{"rendered":"VARELA: HILV\u00c1N, PUNTADA Y PESPUNTE"},"content":{"rendered":"\n<p class=\"wp-block-paragraph\">La Comuna programa una master class gratuita de costura para vecinos y vecinas a partir de los 15 a\u00f1os, el lunes 26 de febrero de 10 a 12 hs. en el Sal\u00f3n de Usos M\u00faltiples \u201cLos Tronquitos\u201d, situado en calle 1523 esquina 1552.<\/p>\n\n\n\n<p class=\"wp-block-paragraph\">\u201cEl objetivo del proyecto es facilitar habilidades pr\u00e1cticas, promover la creatividad mediante el arte de la confecci\u00f3n, fomentar la independencia y la posibilidad de emprender en el \u00e1mbito textil\u201d, revela la docente al frente del curso -Adriana Mendoza-.<\/p>\n\n\n\n<p class=\"wp-block-paragraph\">\u201cAdem\u00e1s, fortalece el tejido social al brindar un espacio educativo e inclusivo\u201d, sentencia respecto a la iniciativa integrada a las capacitaciones municipales en oficios sin costo.<\/p>\n\n\n\n<p class=\"wp-block-paragraph\">\u201cLa idea es charlar acerca de expectativas, necesidades y que quienes asistan cuenten con una salida laboral en el futuro o lo implementen como una herramienta en su vida cotidiana\u201d, asegura.<\/p>\n\n\n\n<p class=\"wp-block-paragraph\">\u201cEn este encuentro, conocer\u00e1n cada prenda, tipos de telas, c\u00f3mo reciclar, cortar y crear una pieza\u201d, anticipa la profesora. \u201cCoordinamos esta primera jornada con un prop\u00f3sito: darle continuidad durante el 2024\u201d, adelanta.<\/p>\n\n\n\n<p class=\"wp-block-paragraph\">Interesados e interesadas en una vacante deben inscribirse de lunes a viernes de 8 a 16 hs. en la mencionada dependencia. El cupo l\u00edmite es de 30 estudiantes.<\/p>\n","protected":false},"excerpt":{"rendered":"<p>La Comuna<\/p>\n","protected":false},"author":1,"featured_media":39574,"comment_status":"closed","ping_status":"closed","sticky":false,"template":"","format":"standard","meta":{"footnotes":""},"categories":[8,3],"tags":[30],"class_list":["post-49402","post","type-post","status-publish","format-standard","has-post-thumbnail","hentry","category-para-agendar","category-regionales","tag-varela"],"_links":{"self":[{"href":"https:\/\/panoramadelsur.com.ar\/index.php?rest_route=\/wp\/v2\/posts\/49402","targetHints":{"allow":["GET"]}}],"collection":[{"href":"https:\/\/panoramadelsur.com.ar\/index.php?rest_route=\/wp\/v2\/posts"}],"about":[{"href":"https:\/\/panoramadelsur.com.ar\/index.php?rest_route=\/wp\/v2\/types\/post"}],"author":[{"embeddable":true,"href":"https:\/\/panoramadelsur.com.ar\/index.php?rest_route=\/wp\/v2\/users\/1"}],"replies":[{"embeddable":true,"href":"https:\/\/panoramadelsur.com.ar\/index.php?rest_route=%2Fwp%2Fv2%2Fcomments&post=49402"}],"version-history":[{"count":1,"href":"https:\/\/panoramadelsur.com.ar\/index.php?rest_route=\/wp\/v2\/posts\/49402\/revisions"}],"predecessor-version":[{"id":49404,"href":"https:\/\/panoramadelsur.com.ar\/index.php?rest_route=\/wp\/v2\/posts\/49402\/revisions\/49404"}],"wp:featuredmedia":[{"embeddable":true,"href":"https:\/\/panoramadelsur.com.ar\/index.php?rest_route=\/wp\/v2\/media\/39574"}],"wp:attachment":[{"href":"https:\/\/panoramadelsur.com.ar\/index.php?rest_route=%2Fwp%2Fv2%2Fmedia&parent=49402"}],"wp:term":[{"taxonomy":"category","embeddable":true,"href":"https:\/\/panoramadelsur.com.ar\/index.php?rest_route=%2Fwp%2Fv2%2Fcategories&post=49402"},{"taxonomy":"post_tag","embeddable":true,"href":"https:\/\/panoramadelsur.com.ar\/index.php?rest_route=%2Fwp%2Fv2%2Ftags&post=49402"}],"curies":[{"name":"wp","href":"https:\/\/api.w.org\/{rel}","templated":true}]}}