{"id":49408,"date":"2024-02-06T01:08:00","date_gmt":"2024-02-06T04:08:00","guid":{"rendered":"https:\/\/panoramadelsur.com.ar\/?p=49408"},"modified":"2024-02-05T22:41:25","modified_gmt":"2024-02-06T01:41:25","slug":"rescataron-a-un-caballo-maltratado-y-desnutrido-en-quilmes","status":"publish","type":"post","link":"https:\/\/panoramadelsur.com.ar\/?p=49408","title":{"rendered":"RESCATARON A UN CABALLO MALTRATADO Y DESNUTRIDO EN QUILMES"},"content":{"rendered":"\n<p class=\"wp-block-paragraph\">Un caballo sufr\u00eda\u00a0maltrato animal\u00a0en la localidad de\u00a0Quilmes&#8230; pasaba sus d\u00edas lleno de heridas, desnutrido y extremadamente golpeado: Lo estaban matando de a poco. Por tal motivo, personal de la Prefectura y nueve m\u00f3viles policiales en un operativo para rescatarlos. <\/p>\n\n\n\n<p class=\"wp-block-paragraph\">En el momento en que los oficiales llegaron al lugar, los due\u00f1os del caballo y algunos\u00a0vecinos salieron a la calle para evitar que los oficiales se llevaran al equino a un refugio para ser curado y rescatado.<\/p>\n\n\n\n<p class=\"wp-block-paragraph\">Las personas comenzaron a golpear al animal con un palo, con un tabl\u00f3n de madera e incluso un menor se subi\u00f3 a una medianera y comenz\u00f3 a pegarle al animal sin parar.\u00a0Tambi\u00e9n, intentaron asustar al caballo para que se fuera corriendo y no pudieran llev\u00e1rselo, aunque los efectivos lo evitaron.<\/p>\n\n\n\n<p class=\"wp-block-paragraph\">Finalmente, entre m\u00e1s de 10 polic\u00edas pudieron llevar al caballo al Hospital y a un Refugio. El animal, llamado Olivo, se encuentra muy herido. Tiene\u00a0cortes y heridas sangrantes en una de sus cuartillas y coxales, peladuras y mataduras en la cabeza, e isquiotibiales, miembros y un casco fracturado.\u00a0Adem\u00e1s, esta desnutrido. Desde el Refugio\u00a0Caballos de Quilmes\u00a0agradecieron la ayuda de la polic\u00eda, la Fiscal\u00eda, la\u00a0<em>Secretar\u00eda de Zoonosis y de Seguridad de Quilmes<\/em>, y tambi\u00e9n al Municipio de Quilmes.<\/p>\n\n\n\n<p class=\"wp-block-paragraph\">Para ayudar al Refugio se pueden\u00a0donar insumos de primera necesidad y dinero\u00a0a trav\u00e9s de mercado pago con el alias:\u00a0Caballos.qui.free.mp\u00a0o al CVU\u00a00000003100106859673199. Tambi\u00e9n, se puede ayudar a trav\u00e9s de su cuenta de Banco COMAFI al CBU\u00a02990002400200156510002\u00a0o al alias\u00a0abolicion\u00a0(en min\u00fascula y sin acento).<\/p>\n","protected":false},"excerpt":{"rendered":"<p>Un caballo<\/p>\n","protected":false},"author":1,"featured_media":39574,"comment_status":"closed","ping_status":"closed","sticky":false,"template":"","format":"standard","meta":{"footnotes":""},"categories":[2],"tags":[17],"class_list":["post-49408","post","type-post","status-publish","format-standard","has-post-thumbnail","hentry","category-quilmes","tag-quilmes"],"_links":{"self":[{"href":"https:\/\/panoramadelsur.com.ar\/index.php?rest_route=\/wp\/v2\/posts\/49408","targetHints":{"allow":["GET"]}}],"collection":[{"href":"https:\/\/panoramadelsur.com.ar\/index.php?rest_route=\/wp\/v2\/posts"}],"about":[{"href":"https:\/\/panoramadelsur.com.ar\/index.php?rest_route=\/wp\/v2\/types\/post"}],"author":[{"embeddable":true,"href":"https:\/\/panoramadelsur.com.ar\/index.php?rest_route=\/wp\/v2\/users\/1"}],"replies":[{"embeddable":true,"href":"https:\/\/panoramadelsur.com.ar\/index.php?rest_route=%2Fwp%2Fv2%2Fcomments&post=49408"}],"version-history":[{"count":1,"href":"https:\/\/panoramadelsur.com.ar\/index.php?rest_route=\/wp\/v2\/posts\/49408\/revisions"}],"predecessor-version":[{"id":49410,"href":"https:\/\/panoramadelsur.com.ar\/index.php?rest_route=\/wp\/v2\/posts\/49408\/revisions\/49410"}],"wp:featuredmedia":[{"embeddable":true,"href":"https:\/\/panoramadelsur.com.ar\/index.php?rest_route=\/wp\/v2\/media\/39574"}],"wp:attachment":[{"href":"https:\/\/panoramadelsur.com.ar\/index.php?rest_route=%2Fwp%2Fv2%2Fmedia&parent=49408"}],"wp:term":[{"taxonomy":"category","embeddable":true,"href":"https:\/\/panoramadelsur.com.ar\/index.php?rest_route=%2Fwp%2Fv2%2Fcategories&post=49408"},{"taxonomy":"post_tag","embeddable":true,"href":"https:\/\/panoramadelsur.com.ar\/index.php?rest_route=%2Fwp%2Fv2%2Ftags&post=49408"}],"curies":[{"name":"wp","href":"https:\/\/api.w.org\/{rel}","templated":true}]}}