{"id":49411,"date":"2024-02-07T01:05:00","date_gmt":"2024-02-07T04:05:00","guid":{"rendered":"https:\/\/panoramadelsur.com.ar\/?p=49411"},"modified":"2024-02-05T22:48:19","modified_gmt":"2024-02-06T01:48:19","slug":"el-abrazo-practica-de-tango-en-la-casa-de-la-cultura-varelense","status":"publish","type":"post","link":"https:\/\/panoramadelsur.com.ar\/?p=49411","title":{"rendered":"EL ABRAZO: PR\u00c1CTICA DE TANGO EN LA CASA DE LA CULTURA VARELENSE"},"content":{"rendered":"\n<p class=\"wp-block-paragraph\">Aprendices y profesionales compartieron el encuentro para perfeccionar su t\u00e9cnica en la danza rioplatense el s\u00e1bado por la noche en la dependencia comunal ubicada en calle Mitre N\u00ba149.&nbsp;&nbsp;<\/p>\n\n\n\n<p class=\"wp-block-paragraph\">\u201cConfluyeron estudiantes de nuestros talleres e incluso vecinas y vecinos interesados en la iniciativa\u201d, repas\u00f3 la coordinadora de la actividad -Viviana Olivera-.<\/p>\n\n\n\n<p class=\"wp-block-paragraph\">El director de la Orquesta Municipal de Tango -Gabriel Bartolomei- valor\u00f3 \u201cla aproximaci\u00f3n de la comunidad a este g\u00e9nero tan representativo de la Argentina en el mundo\u201d.<\/p>\n\n\n\n<p class=\"wp-block-paragraph\">La clase, dictada por Gisela P\u00e9rez y Sa\u00fal Pe\u00f1a, fue acompa\u00f1ada por los sonidos del mencionado ensamble y la voz de Marcelo Duarte.<\/p>\n\n\n\n<p class=\"wp-block-paragraph\">\u201cNos conocimos en un evento as\u00ed. Desde entonces, no nos perdimos ninguna jornada donde bailar, pero tambi\u00e9n hacer amigos\u201d, repasaron Carmen y Roberto.<\/p>\n\n\n\n<p class=\"wp-block-paragraph\">Mina asisti\u00f3 junto a su hija desde San Rudecindo. \u201cNos pareci\u00f3 muy lindo para disfrutar en familia\u201d, se\u00f1al\u00f3 la mujer.&nbsp; \u201cFue la primera vez que vimos en vivo un espect\u00e1culo de estas caracter\u00edsticas\u201d, revel\u00f3.<\/p>\n","protected":false},"excerpt":{"rendered":"<p>Aprendices y<\/p>\n","protected":false},"author":1,"featured_media":39574,"comment_status":"closed","ping_status":"closed","sticky":false,"template":"","format":"standard","meta":{"footnotes":""},"categories":[3],"tags":[30],"class_list":["post-49411","post","type-post","status-publish","format-standard","has-post-thumbnail","hentry","category-regionales","tag-varela"],"_links":{"self":[{"href":"https:\/\/panoramadelsur.com.ar\/index.php?rest_route=\/wp\/v2\/posts\/49411","targetHints":{"allow":["GET"]}}],"collection":[{"href":"https:\/\/panoramadelsur.com.ar\/index.php?rest_route=\/wp\/v2\/posts"}],"about":[{"href":"https:\/\/panoramadelsur.com.ar\/index.php?rest_route=\/wp\/v2\/types\/post"}],"author":[{"embeddable":true,"href":"https:\/\/panoramadelsur.com.ar\/index.php?rest_route=\/wp\/v2\/users\/1"}],"replies":[{"embeddable":true,"href":"https:\/\/panoramadelsur.com.ar\/index.php?rest_route=%2Fwp%2Fv2%2Fcomments&post=49411"}],"version-history":[{"count":1,"href":"https:\/\/panoramadelsur.com.ar\/index.php?rest_route=\/wp\/v2\/posts\/49411\/revisions"}],"predecessor-version":[{"id":49413,"href":"https:\/\/panoramadelsur.com.ar\/index.php?rest_route=\/wp\/v2\/posts\/49411\/revisions\/49413"}],"wp:featuredmedia":[{"embeddable":true,"href":"https:\/\/panoramadelsur.com.ar\/index.php?rest_route=\/wp\/v2\/media\/39574"}],"wp:attachment":[{"href":"https:\/\/panoramadelsur.com.ar\/index.php?rest_route=%2Fwp%2Fv2%2Fmedia&parent=49411"}],"wp:term":[{"taxonomy":"category","embeddable":true,"href":"https:\/\/panoramadelsur.com.ar\/index.php?rest_route=%2Fwp%2Fv2%2Fcategories&post=49411"},{"taxonomy":"post_tag","embeddable":true,"href":"https:\/\/panoramadelsur.com.ar\/index.php?rest_route=%2Fwp%2Fv2%2Ftags&post=49411"}],"curies":[{"name":"wp","href":"https:\/\/api.w.org\/{rel}","templated":true}]}}