{"id":49414,"date":"2024-02-06T01:09:00","date_gmt":"2024-02-06T04:09:00","guid":{"rendered":"https:\/\/panoramadelsur.com.ar\/?p=49414"},"modified":"2024-02-05T22:58:24","modified_gmt":"2024-02-06T01:58:24","slug":"operativos-de-interceptacion-vehicular-en-barrios-varelenses","status":"publish","type":"post","link":"https:\/\/panoramadelsur.com.ar\/?p=49414","title":{"rendered":"OPERATIVOS DE INTERCEPTACI\u00d3N VEHICULAR EN BARRIOS VARELENSES"},"content":{"rendered":"\n<p class=\"wp-block-paragraph\">Fuerzas de seguridad en el distrito secuestraron 56 rodados por diversas infracciones a la normativa vigente durante controles para prevenir el delito efectuados en diferentes puntos geogr\u00e1ficos del distrito.<\/p>\n\n\n\n<p class=\"wp-block-paragraph\">El personal decomis\u00f3 43 motos, 12 autos m\u00e1s 1 camioneta durante procedimientos realizados en Mart\u00edn Fierro, San Emilio, Presidente Sarmiento, La Esmeralda, Zeballos, El Parque, Paran\u00e1, Los Tronquitos, Santa Marta, El Alpino, La Rotonda y Bosques.<\/p>\n\n\n\n<p class=\"wp-block-paragraph\">Intervinieron en el accionar agentes de la Guardia Comunal junto a Polic\u00eda de la Provincia de Buenos Aires quienes solicitaron registro de conducir, c\u00e9dula verde, seguro m\u00e1s Verificaci\u00f3n T\u00e9cnica Vehicular.<\/p>\n","protected":false},"excerpt":{"rendered":"<p>Fuerzas de<\/p>\n","protected":false},"author":1,"featured_media":39574,"comment_status":"closed","ping_status":"closed","sticky":false,"template":"","format":"standard","meta":{"footnotes":""},"categories":[3],"tags":[30],"class_list":["post-49414","post","type-post","status-publish","format-standard","has-post-thumbnail","hentry","category-regionales","tag-varela"],"_links":{"self":[{"href":"https:\/\/panoramadelsur.com.ar\/index.php?rest_route=\/wp\/v2\/posts\/49414","targetHints":{"allow":["GET"]}}],"collection":[{"href":"https:\/\/panoramadelsur.com.ar\/index.php?rest_route=\/wp\/v2\/posts"}],"about":[{"href":"https:\/\/panoramadelsur.com.ar\/index.php?rest_route=\/wp\/v2\/types\/post"}],"author":[{"embeddable":true,"href":"https:\/\/panoramadelsur.com.ar\/index.php?rest_route=\/wp\/v2\/users\/1"}],"replies":[{"embeddable":true,"href":"https:\/\/panoramadelsur.com.ar\/index.php?rest_route=%2Fwp%2Fv2%2Fcomments&post=49414"}],"version-history":[{"count":1,"href":"https:\/\/panoramadelsur.com.ar\/index.php?rest_route=\/wp\/v2\/posts\/49414\/revisions"}],"predecessor-version":[{"id":49416,"href":"https:\/\/panoramadelsur.com.ar\/index.php?rest_route=\/wp\/v2\/posts\/49414\/revisions\/49416"}],"wp:featuredmedia":[{"embeddable":true,"href":"https:\/\/panoramadelsur.com.ar\/index.php?rest_route=\/wp\/v2\/media\/39574"}],"wp:attachment":[{"href":"https:\/\/panoramadelsur.com.ar\/index.php?rest_route=%2Fwp%2Fv2%2Fmedia&parent=49414"}],"wp:term":[{"taxonomy":"category","embeddable":true,"href":"https:\/\/panoramadelsur.com.ar\/index.php?rest_route=%2Fwp%2Fv2%2Fcategories&post=49414"},{"taxonomy":"post_tag","embeddable":true,"href":"https:\/\/panoramadelsur.com.ar\/index.php?rest_route=%2Fwp%2Fv2%2Ftags&post=49414"}],"curies":[{"name":"wp","href":"https:\/\/api.w.org\/{rel}","templated":true}]}}