{"id":49434,"date":"2024-02-06T01:06:00","date_gmt":"2024-02-06T04:06:00","guid":{"rendered":"https:\/\/panoramadelsur.com.ar\/?p=49434"},"modified":"2024-02-05T23:56:19","modified_gmt":"2024-02-06T02:56:19","slug":"comenzo-la-inscripcion-a-los-cursos-de-formacion-laboral","status":"publish","type":"post","link":"https:\/\/panoramadelsur.com.ar\/?p=49434","title":{"rendered":"COMENZ\u00d3 LA INSCRIPCI\u00d3N A LOS CURSOS DE FORMACI\u00d3N LABORAL\u00a0"},"content":{"rendered":"\n<p class=\"wp-block-paragraph\">Para continuar con la formaci\u00f3n y capacitaci\u00f3n continua de bonaerenses en diferentes herramientas y saberes para el acceso a empleos de calidad, el Instituto Provincial de Formaci\u00f3n Laboral (IPFL), dependiente del Ministerio, ofrece m\u00e1s de 7000 cursos en los 211 Centros (CFL) en toda la provincia de Buenos Aires.&nbsp;<\/p>\n\n\n\n<p class=\"wp-block-paragraph\">Para anotarse en los diferentes cursos, que son gratuitos y cuentan con reconocimiento oficial, debe realizarse una preinscripci\u00f3n virtual en www.cursosipfl.trabajo.gba.gov.ar y luego presentar la informaci\u00f3n solicitada personalmente en el CFL al que se aspira a ingresar.<\/p>\n\n\n\n<p class=\"wp-block-paragraph\"><br>Durante el a\u00f1o pasado, se inscribieron 134.160 estudiantes en los 8.543 trayectos profesionales planificados y disponibles. La lista de opciones es extensa y variada, entre las que se encuentran: auxiliar de seguridad e higiene y medioambiente de establecimiento de salud, desarrollo y manejo de producto digital, carpinter\u00eda de obra fina, auxiliar mec\u00e1nico\/a de automotores, cosmetolog\u00eda, fabricante de calzado y cientos de oportunidades m\u00e1s con reconocimiento oficial que se pueden realizar tanto de manera presencial como virtual.<\/p>\n","protected":false},"excerpt":{"rendered":"<p>Para continuar<\/p>\n","protected":false},"author":1,"featured_media":39574,"comment_status":"closed","ping_status":"closed","sticky":false,"template":"","format":"standard","meta":{"footnotes":""},"categories":[5],"tags":[28,27],"class_list":["post-49434","post","type-post","status-publish","format-standard","has-post-thumbnail","hentry","category-provincia","tag-gba","tag-provincia"],"_links":{"self":[{"href":"https:\/\/panoramadelsur.com.ar\/index.php?rest_route=\/wp\/v2\/posts\/49434","targetHints":{"allow":["GET"]}}],"collection":[{"href":"https:\/\/panoramadelsur.com.ar\/index.php?rest_route=\/wp\/v2\/posts"}],"about":[{"href":"https:\/\/panoramadelsur.com.ar\/index.php?rest_route=\/wp\/v2\/types\/post"}],"author":[{"embeddable":true,"href":"https:\/\/panoramadelsur.com.ar\/index.php?rest_route=\/wp\/v2\/users\/1"}],"replies":[{"embeddable":true,"href":"https:\/\/panoramadelsur.com.ar\/index.php?rest_route=%2Fwp%2Fv2%2Fcomments&post=49434"}],"version-history":[{"count":1,"href":"https:\/\/panoramadelsur.com.ar\/index.php?rest_route=\/wp\/v2\/posts\/49434\/revisions"}],"predecessor-version":[{"id":49436,"href":"https:\/\/panoramadelsur.com.ar\/index.php?rest_route=\/wp\/v2\/posts\/49434\/revisions\/49436"}],"wp:featuredmedia":[{"embeddable":true,"href":"https:\/\/panoramadelsur.com.ar\/index.php?rest_route=\/wp\/v2\/media\/39574"}],"wp:attachment":[{"href":"https:\/\/panoramadelsur.com.ar\/index.php?rest_route=%2Fwp%2Fv2%2Fmedia&parent=49434"}],"wp:term":[{"taxonomy":"category","embeddable":true,"href":"https:\/\/panoramadelsur.com.ar\/index.php?rest_route=%2Fwp%2Fv2%2Fcategories&post=49434"},{"taxonomy":"post_tag","embeddable":true,"href":"https:\/\/panoramadelsur.com.ar\/index.php?rest_route=%2Fwp%2Fv2%2Ftags&post=49434"}],"curies":[{"name":"wp","href":"https:\/\/api.w.org\/{rel}","templated":true}]}}