{"id":49448,"date":"2024-02-06T01:02:00","date_gmt":"2024-02-06T04:02:00","guid":{"rendered":"https:\/\/panoramadelsur.com.ar\/?p=49448"},"modified":"2024-02-06T01:24:58","modified_gmt":"2024-02-06T04:24:58","slug":"el-gobierno-intervino-por-un-ano-los-medios-publicos-y-el-portal-educ-ar","status":"publish","type":"post","link":"https:\/\/panoramadelsur.com.ar\/?p=49448","title":{"rendered":"EL GOBIERNO INTERVINO POR UN A\u00d1O LOS MEDIOS P\u00daBLICOS Y EL PORTAL EDUC.AR"},"content":{"rendered":"\n<p class=\"wp-block-paragraph\">El Gobierno nacional oficializ\u00f3 ayer lunes la intervenci\u00f3n de las sociedades del Estado\u00a0Educ.Ar, T\u00e9lam, Radio y Televisi\u00f3n Argentina (RTA) y Contenidos P\u00fablicos\u00a0por el plazo de un a\u00f1o, per\u00edodo que podr\u00e1 ser prorrogado por \u00fanica vez por decisi\u00f3n de la Jefatura de Gabinete.<\/p>\n\n\n\n<p class=\"wp-block-paragraph\">As\u00ed se establece en el decreto 117\/2024 que fue publicado en el Bolet\u00edn Oficial.<\/p>\n\n\n\n<p class=\"wp-block-paragraph\">As\u00ed, el abogado\u00a0Diego Mart\u00edn Chaher\u00a0fue designado interventor de RTA y, con car\u00e1cter ad-honorem, de T\u00e9lam, Contenidos P\u00fablicos y del portal Educ.Ar.<\/p>\n\n\n\n<p class=\"wp-block-paragraph\">Asimismo, la norma consigna el nombramiento de\u00a0Sebasti\u00e1n Mar\u00edas\u00a0como interventor adjunto de Radio y Televisi\u00f3n Argentina y, con car\u00e1cter ad-honorem, de T\u00e9lam, de Contenidos P\u00fablicos y de Educ.Ar.<\/p>\n\n\n\n<p class=\"wp-block-paragraph\">En el ejercicio de sus cargos, \u00abel interventor y el interventor adjunto tendr\u00e1n, en forma conjunta, las facultades que los respectivos estatutos de las empresas intervenidas confieren al Directorio y a su presidente\u00bb, seg\u00fan se sostiene en el articulado de la norma.<\/p>\n\n\n\n<p class=\"wp-block-paragraph\">Los interventores deber\u00e1n \u00abelaborar un plan de reformulaci\u00f3n, readecuaci\u00f3n y acci\u00f3n para las sociedades, el cual deber\u00e1 ser puesto a consideraci\u00f3n del Poder Ejecutivo\u00bb.<\/p>\n\n\n\n<p class=\"wp-block-paragraph\">Adem\u00e1s deber\u00e1n \u00abevaluar, modificar el Estatuto para el Personal del organismo y aprobar uno nuevo\u00bb, as\u00ed como propiciar cambios \u00aben el r\u00e9gimen de administraci\u00f3n de fondos, ampliando o reduciendo las partidas presupuestarias o aprobar uno nuevo\u00bb.<\/p>\n\n\n\n<p class=\"wp-block-paragraph\">Adem\u00e1s, podr\u00e1n modificar \u00abel Reglamento de Contrataciones de obras, bienes y servicios del organismo y cambiar \u00abla denominaci\u00f3n de los organismos, previa conformidad del Ejecutivo.<\/p>\n\n\n\n<p class=\"wp-block-paragraph\">Las nuevas autoridades de los medios p\u00fablicos tambi\u00e9n estar\u00e1n en condiciones de \u00abmodificar la estructura org\u00e1nica y funcional, los organigramas correspondientes y los Reg\u00edmenes Profesionales del Personal contratado, de planta permanente y de gabinete y\/o aprobar una nueva\u00bb, seg\u00fan se establece en el articulado de la norma.<\/p>\n\n\n\n<p class=\"wp-block-paragraph\">Adem\u00e1s podr\u00e1n \u00abrevisar la administraci\u00f3n de compras y contrataciones\u00bb y \u00abdisponer una auditor\u00eda integral sobre el estado de las instalaciones, bienes que se recepcionan y estado de los mismos\u00bb.<\/p>\n\n\n\n<p class=\"wp-block-paragraph\">Deber\u00e1n \u00abpresentar la rendici\u00f3n de cuentas; operar y mantener las sociedades, de modo de optimizar la gesti\u00f3n administrativa con miras a tornar sustentable dichas empresas y designar y remover a funcionarios y personal de cada una de las sociedades mencionadas\u00bb.<\/p>\n\n\n\n<p class=\"wp-block-paragraph\">El decreto determina que tanto el interventor como el interventor adjunto puedan \u00abvincularse a otros aspectos regulatorios, a acciones de auditor\u00eda y sanciones, a aspectos econ\u00f3mico-financieros y a la protecci\u00f3n de los derechos de los usuarios\u00bb.<\/p>\n\n\n\n<p class=\"wp-block-paragraph\">En caso de detectarse alguna anomal\u00eda, \u00abdeber\u00e1n informar con precisi\u00f3n su significatividad econ\u00f3mica y el impacto que ocasiona o ha ocasionado sobre la gesti\u00f3n, aport\u00e1ndose la totalidad de la informaci\u00f3n o documentos de trabajo respectivos y asesorando sobre las acciones y medidas que corresponda adoptar\u00bb.<\/p>\n\n\n\n<p class=\"wp-block-paragraph\">En el articulado se fija que \u00abel interventor tendr\u00e1 en forma exclusiva facultades de representaci\u00f3n de las sociedades\u00bb, y que el jefe de Gabinete, Nicol\u00e1s Posse, \u00abdispondr\u00e1 los ajustes necesarios en el Presupuesto de la Administraci\u00f3n P\u00fablica Nacional a efectos de atender los requerimientos que surjan como consecuencia del presente acto\u00bb.<\/p>\n\n\n\n<p class=\"wp-block-paragraph\">Asimismo, se faculta a la Jefatura de Gabinete o al organismo que esta dependencia de Gobierno determine \u00aba dictar las normas complementarias y aclaratorias que resulten necesarias para la implementaci\u00f3n del presente\u00bb.<\/p>\n\n\n\n<p class=\"wp-block-paragraph\">En los fundamentos de esta normativa, se recuerda que esta decisi\u00f3n est\u00e1 en l\u00ednea con el decreto de necesidad y urgencia (DNU) 70\/2023 que declar\u00f3 la emergencia p\u00fablica en materia econ\u00f3mica, financiera, fiscal, administrativa, previsional, tarifaria, sanitaria y social hasta el 31 el diciembre de 2025.<\/p>\n\n\n\n<p class=\"wp-block-paragraph\">La citada norma \u00abtuvo en consideraci\u00f3n que, a los fines de una mayor eficiencia en el funcionamiento del sector p\u00fablico, resulta necesario efectuar una profunda reorganizaci\u00f3n de las empresas p\u00fablicas\u00bb.<\/p>\n\n\n\n<p class=\"wp-block-paragraph\">Y que mediante ese DNU se derog\u00f3 la ley 20.705 y \u00abse dispuso la transformaci\u00f3n de las Sociedades o Empresas con participaci\u00f3n del Estado en Sociedades An\u00f3nimas, acordes al r\u00e9gimen de la Ley General de Sociedades\u00bb, se subraya en los fundamentos.<\/p>\n\n\n\n<p class=\"wp-block-paragraph\">El decreto lleva las firmas del presidente\u00a0Javier Milei\u00a0y del ministro del Interior,\u00a0Guillermo Francos.<\/p>\n\n\n\n<p class=\"wp-block-paragraph\"><a href=\"javascript:void(0);\"><\/a><\/p>\n","protected":false},"excerpt":{"rendered":"<p>El Gobierno<\/p>\n","protected":false},"author":1,"featured_media":39574,"comment_status":"closed","ping_status":"closed","sticky":false,"template":"","format":"standard","meta":{"footnotes":""},"categories":[10,4],"tags":[],"class_list":["post-49448","post","type-post","status-publish","format-standard","has-post-thumbnail","hentry","category-mas-noticias","category-nacionales"],"_links":{"self":[{"href":"https:\/\/panoramadelsur.com.ar\/index.php?rest_route=\/wp\/v2\/posts\/49448","targetHints":{"allow":["GET"]}}],"collection":[{"href":"https:\/\/panoramadelsur.com.ar\/index.php?rest_route=\/wp\/v2\/posts"}],"about":[{"href":"https:\/\/panoramadelsur.com.ar\/index.php?rest_route=\/wp\/v2\/types\/post"}],"author":[{"embeddable":true,"href":"https:\/\/panoramadelsur.com.ar\/index.php?rest_route=\/wp\/v2\/users\/1"}],"replies":[{"embeddable":true,"href":"https:\/\/panoramadelsur.com.ar\/index.php?rest_route=%2Fwp%2Fv2%2Fcomments&post=49448"}],"version-history":[{"count":1,"href":"https:\/\/panoramadelsur.com.ar\/index.php?rest_route=\/wp\/v2\/posts\/49448\/revisions"}],"predecessor-version":[{"id":49450,"href":"https:\/\/panoramadelsur.com.ar\/index.php?rest_route=\/wp\/v2\/posts\/49448\/revisions\/49450"}],"wp:featuredmedia":[{"embeddable":true,"href":"https:\/\/panoramadelsur.com.ar\/index.php?rest_route=\/wp\/v2\/media\/39574"}],"wp:attachment":[{"href":"https:\/\/panoramadelsur.com.ar\/index.php?rest_route=%2Fwp%2Fv2%2Fmedia&parent=49448"}],"wp:term":[{"taxonomy":"category","embeddable":true,"href":"https:\/\/panoramadelsur.com.ar\/index.php?rest_route=%2Fwp%2Fv2%2Fcategories&post=49448"},{"taxonomy":"post_tag","embeddable":true,"href":"https:\/\/panoramadelsur.com.ar\/index.php?rest_route=%2Fwp%2Fv2%2Ftags&post=49448"}],"curies":[{"name":"wp","href":"https:\/\/api.w.org\/{rel}","templated":true}]}}