{"id":49457,"date":"2024-02-06T01:06:00","date_gmt":"2024-02-06T04:06:00","guid":{"rendered":"https:\/\/panoramadelsur.com.ar\/?p=49457"},"modified":"2024-02-06T01:43:16","modified_gmt":"2024-02-06T04:43:16","slug":"la-justicia-le-pidio-a-bullrich-que-explique-los-fundamentos-juridicos-del-protocolo-antipiquetes","status":"publish","type":"post","link":"https:\/\/panoramadelsur.com.ar\/?p=49457","title":{"rendered":"LA JUSTICIA LE PIDI\u00d3 A BULLRICH QUE EXPLIQUE LOS \u00abFUNDAMENTOS JUR\u00cdDICOS\u00bb DEL PROTOCOLO ANTIPIQUETES"},"content":{"rendered":"\n<p class=\"wp-block-paragraph\">El juez federal Sebasti\u00e1n Casanello se declar\u00f3 ayerlunes competente en la causa en la que se pide la \u00abinconstitucionalidad\u00bb del protocolo antipiquetes del Ministerio de Seguridad e inst\u00f3 a su titular, Patricia Bullrich,\u00a0a que presente \u00aben las pr\u00f3ximas 72 horas\u00bb un informe que detalle los \u00abfundamentos jur\u00eddicos\u00bb de su aplicaci\u00f3n y \u00absi fueron consultadas\u00bb la Secretar\u00eda de Derechos Humanos, organizaciones de la sociedad civil u organismos internacionales.<\/p>\n\n\n\n<p class=\"wp-block-paragraph\">\u00abL\u00edbrese oficio al Ministerio de Seguridad de la Naci\u00f3n, a efectos de que, dentro de las 72 horas, presente el informe circunstanciado previsto en su Art. 11,\u00a0respecto del dictado de la Resoluci\u00f3n nro. 943\/2023 (protocolo antipiquete)\u00bb, detall\u00f3 el documento firmado por Casanello, titular del Juzgado Criminal y Correccional Federal 7.<\/p>\n\n\n\n<p class=\"wp-block-paragraph\">En ese informe solicitado a Seguridad, el magistrado pide que se indique\u00a0\u00abpormenorizadamente el procedimiento que precedi\u00f3 su emisi\u00f3n, informando todos sus antecedentes\u00a0y remitiendo su hoja de ruta y los dict\u00e1menes jur\u00eddicos previos realizados\u00bb.<\/p>\n\n\n\n<p class=\"wp-block-paragraph\">\u00abA su vez, deber\u00e1 informar si fueron consultados otros organismos del Estado,\u00a0entre ellos el Ministerio de Justicia de la Naci\u00f3n -y su Secretar\u00eda de Derechos Humanos-, y si fueron consultadas -formal o informalmente- organizaciones de la sociedad civil y\/u organismos internacionales\u00bb, agrega la orden judicial.<\/p>\n\n\n\n<p class=\"wp-block-paragraph\">Casanello pide \u00abprecisar los fundamentos jur\u00eddicos considerados para adoptar los lineamientos incluidos en el &#8216;Protocolo para el mantenimiento del orden p\u00fablico ante el corte de v\u00edas de circulaci\u00f3n'\u00bb y si existi\u00f3 un examen de adecuaci\u00f3n a las normas internacionales de derechos humanos\u00bb.<\/p>\n\n\n\n<p class=\"wp-block-paragraph\">\u00abDel mismo modo deber\u00e1 informar si el dictado de esa resoluci\u00f3n fue acompa\u00f1ado y\/o precedido del dictado de otros actos administrativos que lo complementen, aclaren y\/o modifiquen; en su caso, deber\u00e1 aportarlos junto con sus antecedentes\u00bb, remarca el texto.<\/p>\n\n\n\n<p class=\"wp-block-paragraph\">Adem\u00e1s, el magistrado solicita al ministerio de Bullrich que informe si desde la puesta en vigencia del protocolo antipiquete\u00a0\u00abse recibieron denuncias en orden a excesos en el ejercicio de las funciones de las fuerzas policiales y de seguridad federales en cumplimiento de tales lineamientos, haciendo saber qu\u00e9 medidas llev\u00f3 a cabo en consecuencia\u00bb.<\/p>\n\n\n\n<p class=\"wp-block-paragraph\">La decisi\u00f3n del juez es respuesta a la acci\u00f3n de \u00abinconstitucionalidad\u00bb presentada por la legisladora porte\u00f1a del Movimiento Socialista de los Trabajadores (MST) Celeste Fierro el 18 de diciembre pasado, cuando asegur\u00f3 que la iniciativa que proh\u00edbe que sean cortadas calles y rutas durante protestas \u00abamenaza derechos pol\u00edticos\u00bb.<\/p>\n\n\n\n<p class=\"wp-block-paragraph\">\u00abTras deambular 50 d\u00edas por ocho juzgados y una c\u00e1mara, de los fueros electoral, contencioso y penal,\u00a0por fin un juez acepta nuestra causa contra el protocolo represivo, que iniciamos el 18 de diciembre como &#8216;acci\u00f3n declarativa de inconstitucionalidad'\u00bb, dijo Fierro en un comunicado.<\/p>\n\n\n\n<p class=\"wp-block-paragraph\">La legisladora calific\u00f3 la medida judicial como \u00abun primer paso positivo\u00bb y pidi\u00f3 que \u00abcuanto antes\u00bb Casanello \u00absuspenda el protocolo y lo declare inconstitucional\u00bb.<\/p>\n\n\n\n<p class=\"wp-block-paragraph\">El dirigente del MST Alejandro Bodart consider\u00f3 al protocolo como \u00abuna muestra m\u00e1s del r\u00e9gimen pol\u00edtico totalitario que pretende imponer el gobierno de Javier Milei\u00bb y dijo que forma parte de \u00abun estado de sitio de hecho\u00bb.<\/p>\n","protected":false},"excerpt":{"rendered":"<p>El juez<\/p>\n","protected":false},"author":1,"featured_media":39574,"comment_status":"closed","ping_status":"closed","sticky":false,"template":"","format":"standard","meta":{"footnotes":""},"categories":[4],"tags":[],"class_list":["post-49457","post","type-post","status-publish","format-standard","has-post-thumbnail","hentry","category-nacionales"],"_links":{"self":[{"href":"https:\/\/panoramadelsur.com.ar\/index.php?rest_route=\/wp\/v2\/posts\/49457","targetHints":{"allow":["GET"]}}],"collection":[{"href":"https:\/\/panoramadelsur.com.ar\/index.php?rest_route=\/wp\/v2\/posts"}],"about":[{"href":"https:\/\/panoramadelsur.com.ar\/index.php?rest_route=\/wp\/v2\/types\/post"}],"author":[{"embeddable":true,"href":"https:\/\/panoramadelsur.com.ar\/index.php?rest_route=\/wp\/v2\/users\/1"}],"replies":[{"embeddable":true,"href":"https:\/\/panoramadelsur.com.ar\/index.php?rest_route=%2Fwp%2Fv2%2Fcomments&post=49457"}],"version-history":[{"count":1,"href":"https:\/\/panoramadelsur.com.ar\/index.php?rest_route=\/wp\/v2\/posts\/49457\/revisions"}],"predecessor-version":[{"id":49459,"href":"https:\/\/panoramadelsur.com.ar\/index.php?rest_route=\/wp\/v2\/posts\/49457\/revisions\/49459"}],"wp:featuredmedia":[{"embeddable":true,"href":"https:\/\/panoramadelsur.com.ar\/index.php?rest_route=\/wp\/v2\/media\/39574"}],"wp:attachment":[{"href":"https:\/\/panoramadelsur.com.ar\/index.php?rest_route=%2Fwp%2Fv2%2Fmedia&parent=49457"}],"wp:term":[{"taxonomy":"category","embeddable":true,"href":"https:\/\/panoramadelsur.com.ar\/index.php?rest_route=%2Fwp%2Fv2%2Fcategories&post=49457"},{"taxonomy":"post_tag","embeddable":true,"href":"https:\/\/panoramadelsur.com.ar\/index.php?rest_route=%2Fwp%2Fv2%2Ftags&post=49457"}],"curies":[{"name":"wp","href":"https:\/\/api.w.org\/{rel}","templated":true}]}}