{"id":49461,"date":"2024-02-06T01:03:00","date_gmt":"2024-02-06T04:03:00","guid":{"rendered":"https:\/\/panoramadelsur.com.ar\/?p=49461"},"modified":"2024-02-06T01:48:57","modified_gmt":"2024-02-06T04:48:57","slug":"varela-continua-la-convocatoria-para-choferes-de-moviles-policiales","status":"publish","type":"post","link":"https:\/\/panoramadelsur.com.ar\/?p=49461","title":{"rendered":"VARELA: CONTIN\u00daA LA CONVOCATORIA PARA CH\u00d3FERES DE M\u00d3VILES POLICIALES"},"content":{"rendered":"\n<p class=\"wp-block-paragraph\">En febrero, el Municipio renueva el periodo de inscripci\u00f3n para manejar los veh\u00edculos de la Polic\u00eda bonaerense: presentarse de 9 a 14 hs. en la Subsecretar\u00eda de Seguridad Ciudadana -calle Bonn N\u00ba401, entre Av. Jorge Novak y Caferatta-.<\/p>\n\n\n\n<p class=\"wp-block-paragraph\">Con la camada inicial de varelenses que culminan el curso, el intendente Andr\u00e9s Watson afirma: \u201cSon incorporados e incorporadas a las fuerzas para brindar m\u00e1s protecci\u00f3n a la ciudadan\u00eda y aumentar el personal en patrullaje\u00bb.<\/p>\n\n\n\n<p class=\"wp-block-paragraph\">\u00abSon agentes capacitados y capacitadas para una tarea espec\u00edfica de log\u00edstica. Recursos humanos con un valor agregado determinante: ser tanto oriundos como oriundas del partido\u00bb, explica el Alcalde.<\/p>\n\n\n\n<p class=\"wp-block-paragraph\">Los requisitos solicitados son los siguientes:<\/p>\n\n\n\n<p class=\"wp-block-paragraph\">-Ser argentino\/a nativo, naturalizado o por opci\u00f3n.<\/p>\n\n\n\n<p class=\"wp-block-paragraph\">-Tener entre 18 y 29 a\u00f1os.<\/p>\n\n\n\n<p class=\"wp-block-paragraph\">-Poseer carnet de conducir v\u00e1lido, con un m\u00ednimo de 6 meses de antig\u00fcedad (sin excepci\u00f3n).<\/p>\n\n\n\n<p class=\"wp-block-paragraph\">-Contar con estudios secundarios completos.<\/p>\n\n\n\n<p class=\"wp-block-paragraph\">-No registrar antecedentes penales.<\/p>\n\n\n\n<p class=\"wp-block-paragraph\">-Responder a las aptitudes psicof\u00edsicas establecidas.<\/p>\n\n\n\n<p class=\"wp-block-paragraph\">-Aprobar el curso de Conductor Motorista.<\/p>\n","protected":false},"excerpt":{"rendered":"<p>En febrero,<\/p>\n","protected":false},"author":1,"featured_media":39574,"comment_status":"closed","ping_status":"closed","sticky":false,"template":"","format":"standard","meta":{"footnotes":""},"categories":[8,3],"tags":[],"class_list":["post-49461","post","type-post","status-publish","format-standard","has-post-thumbnail","hentry","category-para-agendar","category-regionales"],"_links":{"self":[{"href":"https:\/\/panoramadelsur.com.ar\/index.php?rest_route=\/wp\/v2\/posts\/49461","targetHints":{"allow":["GET"]}}],"collection":[{"href":"https:\/\/panoramadelsur.com.ar\/index.php?rest_route=\/wp\/v2\/posts"}],"about":[{"href":"https:\/\/panoramadelsur.com.ar\/index.php?rest_route=\/wp\/v2\/types\/post"}],"author":[{"embeddable":true,"href":"https:\/\/panoramadelsur.com.ar\/index.php?rest_route=\/wp\/v2\/users\/1"}],"replies":[{"embeddable":true,"href":"https:\/\/panoramadelsur.com.ar\/index.php?rest_route=%2Fwp%2Fv2%2Fcomments&post=49461"}],"version-history":[{"count":1,"href":"https:\/\/panoramadelsur.com.ar\/index.php?rest_route=\/wp\/v2\/posts\/49461\/revisions"}],"predecessor-version":[{"id":49463,"href":"https:\/\/panoramadelsur.com.ar\/index.php?rest_route=\/wp\/v2\/posts\/49461\/revisions\/49463"}],"wp:featuredmedia":[{"embeddable":true,"href":"https:\/\/panoramadelsur.com.ar\/index.php?rest_route=\/wp\/v2\/media\/39574"}],"wp:attachment":[{"href":"https:\/\/panoramadelsur.com.ar\/index.php?rest_route=%2Fwp%2Fv2%2Fmedia&parent=49461"}],"wp:term":[{"taxonomy":"category","embeddable":true,"href":"https:\/\/panoramadelsur.com.ar\/index.php?rest_route=%2Fwp%2Fv2%2Fcategories&post=49461"},{"taxonomy":"post_tag","embeddable":true,"href":"https:\/\/panoramadelsur.com.ar\/index.php?rest_route=%2Fwp%2Fv2%2Ftags&post=49461"}],"curies":[{"name":"wp","href":"https:\/\/api.w.org\/{rel}","templated":true}]}}