{"id":49467,"date":"2024-02-06T01:05:00","date_gmt":"2024-02-06T04:05:00","guid":{"rendered":"https:\/\/panoramadelsur.com.ar\/?p=49467"},"modified":"2024-02-06T02:25:40","modified_gmt":"2024-02-06T05:25:40","slug":"en-enero-los-costos-del-autotransporte-de-cargas-subieron-2064","status":"publish","type":"post","link":"https:\/\/panoramadelsur.com.ar\/?p=49467","title":{"rendered":"EN ENERO, LOS COSTOS DEL AUTOTRANSPORTE DE CARGAS SUBIERON 20,64%"},"content":{"rendered":"\n<p class=\"wp-block-paragraph\">Los costos del autotransporte de cargas subieron 20,64% en enero, cuando se registr\u00f3 el sexto mes consecutivo con aumentos de dos d\u00edgitos, de acuerdo con informaci\u00f3n de la\u00a0Federaci\u00f3n Argentina de Entidades Empresarias del Autotransporte de Cargas (Fadeeac).<\/p>\n\n\n\n<p class=\"wp-block-paragraph\">Luego del dato de diciembre, cuando se registr\u00f3 la variaci\u00f3n de costos mensual m\u00e1s elevada de los \u00faltimos 30 a\u00f1os (28,23%) y un r\u00e9cord en el aumento anual acumulado (247,6%), 8 de los 11 rubros que integran el \u00cdndice de Costos de Transporte (ICT) que elabora la Federaci\u00f3n volvieron a exhibir subas.<\/p>\n\n\n\n<p class=\"wp-block-paragraph\">El incremento se enmarca \u00aben un contexto de fuerte crecimiento de la nominalidad inflacionaria, que se fue profundizando en la segunda parte de 2023 y contin\u00faa en 2024\u00bb, indic\u00f3 Fadeeac.<\/p>\n\n\n\n<p class=\"wp-block-paragraph\">El ICT releva mensualmente 11 rubros que impactan directamente en los costos de las empresas de transporte de cargas de todo el pa\u00eds, y es referencia en buena medida para la fijaci\u00f3n o ajuste de las tarifas del sector.<\/p>\n\n\n\n<p class=\"wp-block-paragraph\">De acuerdo con los datos de enero, patentes y tasas (237,8%), que se mide de forma anual, encabez\u00f3 la lista de aumentos.<\/p>\n\n\n\n<p class=\"wp-block-paragraph\">El precio del combustible -principal elemento en la matriz de costos del sector- aument\u00f3 22,59% en enero, sumado a la entrada en vigencia de la cuota paritaria del 25,1% y adicionales, como el devengamiento de la Asignaci\u00f3n No Remunerativa en forma anual.<\/p>\n\n\n\n<p class=\"wp-block-paragraph\">Los insumos vinculados con los equipos -varios de ellos de origen importado-, registraron los siguientes incrementos: seguros (41,09%), material rodante (31,11%), reparaciones (28,9%) y neum\u00e1ticos (2,59%); mientras que lubricantes (al igual que peajes) no sufri\u00f3 modificaciones respecto de diciembre.<\/p>\n\n\n\n<p class=\"wp-block-paragraph\">Personal tuvo un incremento de 26,8% y gastos generales 9,8%. El \u00fanico \u00edtem que registr\u00f3 un descenso (-6,2%) fue costo financiero, a ra\u00edz de la baja de las tasas de inter\u00e9s.<\/p>\n\n\n\n<p class=\"wp-block-paragraph\">De este modo, los costos del autotransporte de cargas cerraron el sexto mes consecutivo con aumentos de costos de dos d\u00edgitos: agosto, 20,3%; septiembre, 11,1%; octubre, 10,1%; noviembre, 15,1%; diciembre, 28,2%; y enero, 20,6%.<\/p>\n\n\n\n<p class=\"wp-block-paragraph\">Por otra parte, los valores interanuales (febrero 2023-enero 2024) muestran aumentos acumulados de 297,24% para el ICT y de 313,09% para combustibles.<\/p>\n","protected":false},"excerpt":{"rendered":"<p>Los costos<\/p>\n","protected":false},"author":1,"featured_media":39574,"comment_status":"closed","ping_status":"closed","sticky":false,"template":"","format":"standard","meta":{"footnotes":""},"categories":[4],"tags":[59],"class_list":["post-49467","post","type-post","status-publish","format-standard","has-post-thumbnail","hentry","category-nacionales","tag-nacionales"],"_links":{"self":[{"href":"https:\/\/panoramadelsur.com.ar\/index.php?rest_route=\/wp\/v2\/posts\/49467","targetHints":{"allow":["GET"]}}],"collection":[{"href":"https:\/\/panoramadelsur.com.ar\/index.php?rest_route=\/wp\/v2\/posts"}],"about":[{"href":"https:\/\/panoramadelsur.com.ar\/index.php?rest_route=\/wp\/v2\/types\/post"}],"author":[{"embeddable":true,"href":"https:\/\/panoramadelsur.com.ar\/index.php?rest_route=\/wp\/v2\/users\/1"}],"replies":[{"embeddable":true,"href":"https:\/\/panoramadelsur.com.ar\/index.php?rest_route=%2Fwp%2Fv2%2Fcomments&post=49467"}],"version-history":[{"count":1,"href":"https:\/\/panoramadelsur.com.ar\/index.php?rest_route=\/wp\/v2\/posts\/49467\/revisions"}],"predecessor-version":[{"id":49469,"href":"https:\/\/panoramadelsur.com.ar\/index.php?rest_route=\/wp\/v2\/posts\/49467\/revisions\/49469"}],"wp:featuredmedia":[{"embeddable":true,"href":"https:\/\/panoramadelsur.com.ar\/index.php?rest_route=\/wp\/v2\/media\/39574"}],"wp:attachment":[{"href":"https:\/\/panoramadelsur.com.ar\/index.php?rest_route=%2Fwp%2Fv2%2Fmedia&parent=49467"}],"wp:term":[{"taxonomy":"category","embeddable":true,"href":"https:\/\/panoramadelsur.com.ar\/index.php?rest_route=%2Fwp%2Fv2%2Fcategories&post=49467"},{"taxonomy":"post_tag","embeddable":true,"href":"https:\/\/panoramadelsur.com.ar\/index.php?rest_route=%2Fwp%2Fv2%2Ftags&post=49467"}],"curies":[{"name":"wp","href":"https:\/\/api.w.org\/{rel}","templated":true}]}}