{"id":49470,"date":"2024-02-06T01:03:00","date_gmt":"2024-02-06T04:03:00","guid":{"rendered":"https:\/\/panoramadelsur.com.ar\/?p=49470"},"modified":"2024-02-06T02:31:44","modified_gmt":"2024-02-06T05:31:44","slug":"todo-listo-para-festejar-los-carnavales-2024-en-quilmes","status":"publish","type":"post","link":"https:\/\/panoramadelsur.com.ar\/?p=49470","title":{"rendered":"TODO LISTO PARA FESTEJAR LOS CARNAVALES 2024 EN QUILMES"},"content":{"rendered":"\n<p class=\"wp-block-paragraph\">El Municipio de Quilmes invita a los vecinos y vecinas a participar de los festejos del Carnaval 2024 el pr\u00f3ximo domingo 11 y lunes 12 de febrero, en el Parque de la Ciudad, ubicado en la avenida Vicente L\u00f3pez y Smith, de 17.30 a 00.30, con murgas, comparsas, talleres, juegos, shows para toda la familia, foodtrucks y emprendedores.<\/p>\n\n\n\n<p class=\"wp-block-paragraph\">El domingo 11 contar\u00e1 con la presentaci\u00f3n de Acuarela Percusi\u00f3n, So\u00f1adores de Quilmes, Los Duendes del Sur, Chicha &amp; Ron Percusi\u00f3n, Soy de los Tuyos, Salta Violeta, La Alegr\u00eda de Itat\u00ed, Los Kilmes, El Quinto Elemento, Los Fabulosos de Quilmes y Prisioneros de Carnaval.<\/p>\n\n\n\n<p class=\"wp-block-paragraph\">El lunes 12 ser\u00e1 el turno de los Pueblos Originarios de Quilmes, Carnaval QuilQueer Cultura Ballroom &amp; Vogue Femme, Alaroy\u00e9 Percusi\u00f3n, Los Cariocas (comparsa), Espuma de Carnaval, Alegres Murgueros, Magn\u00edficos de Solano, Piantados So\u00f1adores, Los Buscas de la Alegr\u00eda, 5 Pal\u00b4 Peso y Las y Los Apasionados de Quilmes.<\/p>\n\n\n\n<p class=\"wp-block-paragraph\">Adem\u00e1s de este gran festejo, siguen los corsos en los barrios durante todo el mes. Para conocer las fechas y lugares, se puede ingresar a la agenda cultural de los carnavales 2024:&nbsp;<a href=\"https:\/\/quilmes.gov.ar\/agenda\/cat.php?c=12\" target=\"_blank\" rel=\"noreferrer noopener\">https:\/\/quilmes.gov.ar\/agenda\/cat.php?c=12<\/a><\/p>\n","protected":false},"excerpt":{"rendered":"<p>El Municipio<\/p>\n","protected":false},"author":1,"featured_media":39574,"comment_status":"closed","ping_status":"closed","sticky":false,"template":"","format":"standard","meta":{"footnotes":""},"categories":[1,2],"tags":[35,17],"class_list":["post-49470","post","type-post","status-publish","format-standard","has-post-thumbnail","hentry","category-destacados","category-quilmes","tag-municipio-de-quilmes","tag-quilmes"],"_links":{"self":[{"href":"https:\/\/panoramadelsur.com.ar\/index.php?rest_route=\/wp\/v2\/posts\/49470","targetHints":{"allow":["GET"]}}],"collection":[{"href":"https:\/\/panoramadelsur.com.ar\/index.php?rest_route=\/wp\/v2\/posts"}],"about":[{"href":"https:\/\/panoramadelsur.com.ar\/index.php?rest_route=\/wp\/v2\/types\/post"}],"author":[{"embeddable":true,"href":"https:\/\/panoramadelsur.com.ar\/index.php?rest_route=\/wp\/v2\/users\/1"}],"replies":[{"embeddable":true,"href":"https:\/\/panoramadelsur.com.ar\/index.php?rest_route=%2Fwp%2Fv2%2Fcomments&post=49470"}],"version-history":[{"count":1,"href":"https:\/\/panoramadelsur.com.ar\/index.php?rest_route=\/wp\/v2\/posts\/49470\/revisions"}],"predecessor-version":[{"id":49472,"href":"https:\/\/panoramadelsur.com.ar\/index.php?rest_route=\/wp\/v2\/posts\/49470\/revisions\/49472"}],"wp:featuredmedia":[{"embeddable":true,"href":"https:\/\/panoramadelsur.com.ar\/index.php?rest_route=\/wp\/v2\/media\/39574"}],"wp:attachment":[{"href":"https:\/\/panoramadelsur.com.ar\/index.php?rest_route=%2Fwp%2Fv2%2Fmedia&parent=49470"}],"wp:term":[{"taxonomy":"category","embeddable":true,"href":"https:\/\/panoramadelsur.com.ar\/index.php?rest_route=%2Fwp%2Fv2%2Fcategories&post=49470"},{"taxonomy":"post_tag","embeddable":true,"href":"https:\/\/panoramadelsur.com.ar\/index.php?rest_route=%2Fwp%2Fv2%2Ftags&post=49470"}],"curies":[{"name":"wp","href":"https:\/\/api.w.org\/{rel}","templated":true}]}}