{"id":49485,"date":"2024-02-12T01:01:00","date_gmt":"2024-02-12T04:01:00","guid":{"rendered":"https:\/\/panoramadelsur.com.ar\/?p=49485"},"modified":"2024-02-06T10:32:43","modified_gmt":"2024-02-06T13:32:43","slug":"flybondi-extiende-hasta-abril-sus-operaciones-entre-buenos-aires-y-mar-del-plata","status":"publish","type":"post","link":"https:\/\/panoramadelsur.com.ar\/?p=49485","title":{"rendered":"FLYBONDI EXTIENDE HASTA ABRIL SUS OPERACIONES ENTRE BUENOS AIRES Y MAR DEL PLATA"},"content":{"rendered":"\n<p class=\"wp-block-paragraph\"><p style=\"box-sizing: border-box; transition: all 0.3s ease 0s; padding: 0px; margin-right: 0px; margin-bottom: 30px; margin-left: 0px; font-size: 20px; line-height: 30px; word-break: break-word; color: rgb(51, 51, 51); font-family: Archivo, Arial, sans-serif; white-space-collapse: collapse;\">La compa\u00f1\u00eda low cost Flybondi, que desde el 1 de enero de este a\u00f1o comenz\u00f3 a volar la ruta Buenos Aires-Mar del Plata, extender\u00e1 sus servicios hasta el mes de abril de 2024, informaron fuentes de la compa\u00f1\u00eda.<\/p><\/p>\n\n\n\n<p class=\"wp-block-paragraph\"><p style=\"box-sizing: border-box; transition: all 0.3s ease 0s; padding: 0px; margin-right: 0px; margin-bottom: 30px; margin-left: 0px; font-size: 20px; line-height: 30px; word-break: break-word; color: rgb(51, 51, 51); font-family: Archivo, Arial, sans-serif; white-space-collapse: collapse;\">Los vuelos durante lo que va de la temporada tuvieron una ocupaci\u00f3n del 90%, lo que representa a 5950 personas trasladadas.<\/p><\/p>\n\n\n\n<p class=\"wp-block-paragraph\"><p style=\"box-sizing: border-box; transition: all 0.3s ease 0s; padding: 0px; margin-right: 0px; margin-bottom: 30px; margin-left: 0px; font-size: 20px; line-height: 30px; word-break: break-word; color: rgb(51, 51, 51); font-family: Archivo, Arial, sans-serif; white-space-collapse: collapse;\">De esta manera, y ante la alta demanda de la ruta, los pasajeros podr\u00e1n seguir volando al mayor balneario de la costa bonaerense hasta el 3 de abril, con 4 frecuencias semanales los d\u00edas: lunes, mi\u00e9rcoles, viernes y domingo.<\/p><\/p>\n\n\n\n<p class=\"wp-block-paragraph\"><p style=\"box-sizing: border-box; transition: all 0.3s ease 0s; padding: 0px; margin-right: 0px; margin-bottom: 30px; margin-left: 0px; font-size: 20px; line-height: 30px; word-break: break-word; color: rgb(51, 51, 51); font-family: Archivo, Arial, sans-serif; white-space-collapse: collapse;\">\u00abMar del Plata es un \u00e9xito y continuar con esta ruta da cuenta de eso\u00bb, dijo el director Comercial de la compa\u00f1\u00eda, Federico Pastori.<\/p><\/p>\n\n\n\n<p class=\"wp-block-paragraph\"><p style=\"box-sizing: border-box; transition: all 0.3s ease 0s; padding: 0px; margin-right: 0px; margin-bottom: 30px; margin-left: 0px; font-size: 20px; line-height: 30px; word-break: break-word; color: rgb(51, 51, 51); font-family: Archivo, Arial, sans-serif; white-space-collapse: collapse;\">\u00abEstamos muy contentos con la aceptaci\u00f3n que estamos teniendo y con seguir contribuyendo a que m\u00e1s personas puedan elegir el avi\u00f3n como medio para llegar a esta ciudad, con un servicio de excelencia y con los mejores precios del mercado\u00bb, agreg\u00f3.<\/p><\/p>\n\n\n\n<p class=\"wp-block-paragraph\"><p style=\"box-sizing: border-box; transition: all 0.3s ease 0s; padding: 0px; margin-right: 0px; margin-bottom: 30px; margin-left: 0px; font-size: 20px; line-height: 30px; word-break: break-word; color: rgb(51, 51, 51); font-family: Archivo, Arial, sans-serif; white-space-collapse: collapse;\">Asimismo, Bernardo Mart\u00edn, presidente del Ente Municipal de Turismo de Mar del Plata coment\u00f3: \u00abFestejamos la decisi\u00f3n de Flybondi de seguir eligiendo Mar del Plata, miles de argentinos siguen teniendo la libertad de volar\u00bb.<\/p><div class=\"banner-box\" style=\"box-sizing: border-box; transition: all 0.3s ease 0s; padding: 0px; margin: 0px auto 40px; display: flex; justify-content: center; background-color: var(--light-gray); color: rgb(51, 51, 51); font-family: Archivo, Arial, sans-serif; font-size: 20px; white-space-collapse: collapse;\"><\/div><div class=\"mas-de-autor\" style=\"box-sizing: border-box; transition: all 0.3s ease 0s; padding: 0px; margin: 0px; color: rgb(51, 51, 51); font-family: Archivo, Arial, sans-serif; font-size: 20px; white-space-collapse: collapse;\"><\/div><\/p>\n","protected":false},"excerpt":{"rendered":"<p>La compa\u00f1\u00eda<\/p>\n","protected":false},"author":1,"featured_media":39574,"comment_status":"closed","ping_status":"closed","sticky":false,"template":"","format":"standard","meta":{"footnotes":""},"categories":[4,8],"tags":[59],"class_list":["post-49485","post","type-post","status-publish","format-standard","has-post-thumbnail","hentry","category-nacionales","category-para-agendar","tag-nacionales"],"_links":{"self":[{"href":"https:\/\/panoramadelsur.com.ar\/index.php?rest_route=\/wp\/v2\/posts\/49485","targetHints":{"allow":["GET"]}}],"collection":[{"href":"https:\/\/panoramadelsur.com.ar\/index.php?rest_route=\/wp\/v2\/posts"}],"about":[{"href":"https:\/\/panoramadelsur.com.ar\/index.php?rest_route=\/wp\/v2\/types\/post"}],"author":[{"embeddable":true,"href":"https:\/\/panoramadelsur.com.ar\/index.php?rest_route=\/wp\/v2\/users\/1"}],"replies":[{"embeddable":true,"href":"https:\/\/panoramadelsur.com.ar\/index.php?rest_route=%2Fwp%2Fv2%2Fcomments&post=49485"}],"version-history":[{"count":1,"href":"https:\/\/panoramadelsur.com.ar\/index.php?rest_route=\/wp\/v2\/posts\/49485\/revisions"}],"predecessor-version":[{"id":49487,"href":"https:\/\/panoramadelsur.com.ar\/index.php?rest_route=\/wp\/v2\/posts\/49485\/revisions\/49487"}],"wp:featuredmedia":[{"embeddable":true,"href":"https:\/\/panoramadelsur.com.ar\/index.php?rest_route=\/wp\/v2\/media\/39574"}],"wp:attachment":[{"href":"https:\/\/panoramadelsur.com.ar\/index.php?rest_route=%2Fwp%2Fv2%2Fmedia&parent=49485"}],"wp:term":[{"taxonomy":"category","embeddable":true,"href":"https:\/\/panoramadelsur.com.ar\/index.php?rest_route=%2Fwp%2Fv2%2Fcategories&post=49485"},{"taxonomy":"post_tag","embeddable":true,"href":"https:\/\/panoramadelsur.com.ar\/index.php?rest_route=%2Fwp%2Fv2%2Ftags&post=49485"}],"curies":[{"name":"wp","href":"https:\/\/api.w.org\/{rel}","templated":true}]}}