{"id":49529,"date":"2024-02-07T01:05:00","date_gmt":"2024-02-07T04:05:00","guid":{"rendered":"https:\/\/panoramadelsur.com.ar\/?p=49529"},"modified":"2024-02-06T22:18:51","modified_gmt":"2024-02-07T01:18:51","slug":"gimnasia-y-esgrima-la-plata-lanzo-un-concurso-nacional-de-ideas-para-la-modernizacion-de-su-estadio","status":"publish","type":"post","link":"https:\/\/panoramadelsur.com.ar\/?p=49529","title":{"rendered":"GIMNASIA Y ESGRIMA LA PLATA LANZ\u00d3 UN CONCURSO NACIONAL DE IDEAS PARA LA MODERNIZACI\u00d3N DE SU ESTADIO"},"content":{"rendered":"\n<p>Las autoridades de Gimnasia y Esgrima La Plata lanzaron un concurso nacional de ideas, en el marco de la celebraci\u00f3n por los 100 a\u00f1os del Estadio del Bosque Juan Carmelo Zerillo, con el objetivo de modernizarlo.<\/p>\n\n\n\n<p>La propuesta fue presentada por el presidente de la instituci\u00f3n, Mariano Cowen, quien destac\u00f3: \u00abPodemos tener concurso de ideas, con condiciones y con letras s\u00f3lidas. Pero lo m\u00e1s importante de este predio que cumple 100 a\u00f1os, en este Bosque Eterno, en este c\u00e9sped que estamos pisando, es que hay valores que son intangibles e inalterables y que es lo que tenemos que tener en cuenta a la hora de trabajar por un club mejor\u00bb.<\/p>\n\n\n\n<p>El proyecto cuenta con el auspicio de la Federaci\u00f3n Argentina de Entidades de Arquitectos y su objetivo es encontrar \u00abpropuestas innovadoras que establezcan los lineamientos para el futuro desarrollo f\u00edsico del predio\u00bb.<\/p>\n\n\n\n<p>Sobre el proyecto, Cowen valor\u00f3: \u00abAc\u00e1 est\u00e1 presente la honestidad de Ren\u00e9 Favaloro, el compromiso de Carlos Griguol, la pertenencia de N\u00e9stor Basile y la pasi\u00f3n de Diego Maradona. No hay muchos clubes que puedan, en cuatro valores, tener esa cantidad de nombres. As\u00ed que orgulloso, agradecido, y que sea lo mejor para el club. Sigamos trabajando por un Gimnasia mucho m\u00e1s grande, porque tiene potencial para hacerlo\u00bb.<\/p>\n\n\n\n<p>En el acto estuvieron, adem\u00e1s de los principales directivos del club, los integrantes del Colegio de Arquitectos de la Provincia de Buenos Aires Distrito I Gustavo Casco (Presidente), Rub\u00e9n Aprea y Alejandro Casas e Indalecio Demo en representaci\u00f3n del Subcomisi\u00f3n del PEG (Plan Estrat\u00e9gico Gimnasia).<\/p>\n\n\n\n<p>Al respecto, Aprea afirm\u00f3: \u00abEs importante valorizar el hecho de que el club haya elegido al Colegio de Arquitectos para llevar a cabo el concurso. Tuvimos muchos meses de trabajo para confeccionar toda la informaci\u00f3n que la iniciativa necesitaba para llevarse a cabo, y tambi\u00e9n resaltamos el hecho de que nos hayan abierto las puertas y dado todo el material necesario\u00bb. <\/p>\n","protected":false},"excerpt":{"rendered":"<p>Las autoridades<\/p>\n","protected":false},"author":1,"featured_media":39574,"comment_status":"closed","ping_status":"closed","sticky":false,"template":"","format":"standard","meta":{"footnotes":""},"categories":[6],"tags":[22],"class_list":["post-49529","post","type-post","status-publish","format-standard","has-post-thumbnail","hentry","category-deportes","tag-futbol"],"_links":{"self":[{"href":"https:\/\/panoramadelsur.com.ar\/index.php?rest_route=\/wp\/v2\/posts\/49529","targetHints":{"allow":["GET"]}}],"collection":[{"href":"https:\/\/panoramadelsur.com.ar\/index.php?rest_route=\/wp\/v2\/posts"}],"about":[{"href":"https:\/\/panoramadelsur.com.ar\/index.php?rest_route=\/wp\/v2\/types\/post"}],"author":[{"embeddable":true,"href":"https:\/\/panoramadelsur.com.ar\/index.php?rest_route=\/wp\/v2\/users\/1"}],"replies":[{"embeddable":true,"href":"https:\/\/panoramadelsur.com.ar\/index.php?rest_route=%2Fwp%2Fv2%2Fcomments&post=49529"}],"version-history":[{"count":1,"href":"https:\/\/panoramadelsur.com.ar\/index.php?rest_route=\/wp\/v2\/posts\/49529\/revisions"}],"predecessor-version":[{"id":49531,"href":"https:\/\/panoramadelsur.com.ar\/index.php?rest_route=\/wp\/v2\/posts\/49529\/revisions\/49531"}],"wp:featuredmedia":[{"embeddable":true,"href":"https:\/\/panoramadelsur.com.ar\/index.php?rest_route=\/wp\/v2\/media\/39574"}],"wp:attachment":[{"href":"https:\/\/panoramadelsur.com.ar\/index.php?rest_route=%2Fwp%2Fv2%2Fmedia&parent=49529"}],"wp:term":[{"taxonomy":"category","embeddable":true,"href":"https:\/\/panoramadelsur.com.ar\/index.php?rest_route=%2Fwp%2Fv2%2Fcategories&post=49529"},{"taxonomy":"post_tag","embeddable":true,"href":"https:\/\/panoramadelsur.com.ar\/index.php?rest_route=%2Fwp%2Fv2%2Ftags&post=49529"}],"curies":[{"name":"wp","href":"https:\/\/api.w.org\/{rel}","templated":true}]}}