{"id":49535,"date":"2024-02-07T01:05:00","date_gmt":"2024-02-07T04:05:00","guid":{"rendered":"https:\/\/panoramadelsur.com.ar\/?p=49535"},"modified":"2024-02-06T22:53:12","modified_gmt":"2024-02-07T01:53:12","slug":"reunion-de-trabajo-de-la-comision-de-politicas-de-genero-y-diversidades","status":"publish","type":"post","link":"https:\/\/panoramadelsur.com.ar\/?p=49535","title":{"rendered":"REUNI\u00d3N DE TRABAJO DE LA COMISI\u00d3N DE POL\u00cdTICAS DE G\u00c9NERO Y DIVERSIDADES"},"content":{"rendered":"\n<p>Ayer martes se realiz\u00f3 una reuni\u00f3n de trabajo con referentes de las distintas \u00e1reas del Ministerio de Justicia y Derechos Humanos, el Servicio Penitenciario Bonaerense, la Escriban\u00eda General de Gobierno y el Patronato de Liberados para coordinar una agenda conjunta en el marco de las acciones de conmemoraci\u00f3n del D\u00eda Internacional de la Mujer el 8 de marzo.\u00a0<\/p>\n\n\n\n<p>En el encuentro, encabezado por la Directora Provincial de Planificaci\u00f3n y presidenta de la Comisi\u00f3n Permanente, Asesora y Consultiva de Pol\u00edticas de G\u00e9nero y Diversidades del Ministerio de Justicia y Derechos Humanos de la Provincia, Lorena Berm\u00fadez, se debati\u00f3 y trabaj\u00f3 en torno a los temas propuestos por las diferentes dependencias ministeriales, teniendo como eje central el rol de las mujeres en la producci\u00f3n y el trabajo.&nbsp;<\/p>\n\n\n\n<p>En este marco, se acord\u00f3 avanzar en actividades de difusi\u00f3n, jornadas de trabajo, charlas, encuentros y publicaciones que permitan visibilizar los roles que ocupan las mujeres en la instituci\u00f3n.<\/p>\n","protected":false},"excerpt":{"rendered":"<p>Ayer martes<\/p>\n","protected":false},"author":1,"featured_media":39574,"comment_status":"closed","ping_status":"closed","sticky":false,"template":"","format":"standard","meta":{"footnotes":""},"categories":[5],"tags":[28,27],"class_list":["post-49535","post","type-post","status-publish","format-standard","has-post-thumbnail","hentry","category-provincia","tag-gba","tag-provincia"],"_links":{"self":[{"href":"https:\/\/panoramadelsur.com.ar\/index.php?rest_route=\/wp\/v2\/posts\/49535","targetHints":{"allow":["GET"]}}],"collection":[{"href":"https:\/\/panoramadelsur.com.ar\/index.php?rest_route=\/wp\/v2\/posts"}],"about":[{"href":"https:\/\/panoramadelsur.com.ar\/index.php?rest_route=\/wp\/v2\/types\/post"}],"author":[{"embeddable":true,"href":"https:\/\/panoramadelsur.com.ar\/index.php?rest_route=\/wp\/v2\/users\/1"}],"replies":[{"embeddable":true,"href":"https:\/\/panoramadelsur.com.ar\/index.php?rest_route=%2Fwp%2Fv2%2Fcomments&post=49535"}],"version-history":[{"count":1,"href":"https:\/\/panoramadelsur.com.ar\/index.php?rest_route=\/wp\/v2\/posts\/49535\/revisions"}],"predecessor-version":[{"id":49537,"href":"https:\/\/panoramadelsur.com.ar\/index.php?rest_route=\/wp\/v2\/posts\/49535\/revisions\/49537"}],"wp:featuredmedia":[{"embeddable":true,"href":"https:\/\/panoramadelsur.com.ar\/index.php?rest_route=\/wp\/v2\/media\/39574"}],"wp:attachment":[{"href":"https:\/\/panoramadelsur.com.ar\/index.php?rest_route=%2Fwp%2Fv2%2Fmedia&parent=49535"}],"wp:term":[{"taxonomy":"category","embeddable":true,"href":"https:\/\/panoramadelsur.com.ar\/index.php?rest_route=%2Fwp%2Fv2%2Fcategories&post=49535"},{"taxonomy":"post_tag","embeddable":true,"href":"https:\/\/panoramadelsur.com.ar\/index.php?rest_route=%2Fwp%2Fv2%2Ftags&post=49535"}],"curies":[{"name":"wp","href":"https:\/\/api.w.org\/{rel}","templated":true}]}}