{"id":49538,"date":"2024-02-07T01:02:00","date_gmt":"2024-02-07T04:02:00","guid":{"rendered":"https:\/\/panoramadelsur.com.ar\/?p=49538"},"modified":"2024-02-06T22:59:19","modified_gmt":"2024-02-07T01:59:19","slug":"abren-las-inscripciones-para-la-capacitacion-laboral-tu-empleo-con-mas-de-500-vacantes","status":"publish","type":"post","link":"https:\/\/panoramadelsur.com.ar\/?p=49538","title":{"rendered":"ABREN LAS INSCRIPCIONES PARA LA CAPACITACI\u00d3N LABORAL \u00abTU EMPLEO\u00bb CON M\u00c1S DE 500 VACANTES"},"content":{"rendered":"\n<p class=\"wp-block-paragraph\">La fundaci\u00f3n\u00a0Empujar, junto a una red de m\u00e1s de 550 empresas, abrir\u00e1 este mi\u00e9rcoles\u00a0la inscripci\u00f3n para el\u00a0programa \u201cTu Empleo\u201d, destinado a capacitar a\u00a0j\u00f3venes de 18 a 24 a\u00f1os, que provienen de\u00a0sectores vulnerables, para \u00abque adquieran herramientas que potencien sus habilidades laborales\u00bb.<\/p>\n\n\n\n<p class=\"wp-block-paragraph\">\u201cNuestro programa propicia el desarrollo de aptitudes y habilidades, y favorece el empoderamiento brindando herramientas para que los j\u00f3venes sean los forjadores de su futuro\u00bb, se\u00f1al\u00f3\u00a0Germ\u00e1n Lojk, director ejecutivo de la fundaci\u00f3n.<\/p>\n\n\n\n<p class=\"wp-block-paragraph\">Y agreg\u00f3: \u00abCada joven que ayudamos a conseguir un trabajo formal cambia su calidad de vida, la de su grupo familiar y se le abren oportunidades a futuro\u201d.<\/p>\n\n\n\n<p class=\"wp-block-paragraph\">Las capacitaciones se dictar\u00e1n tres veces por semana desde el 1 de marzo, con un formato h\u00edbrido, donde un d\u00eda ser\u00e1 presencial en una de las 17 empresas sedes; otro ser\u00e1 virtual y un \u00faltimo d\u00eda ser\u00e1 asincr\u00f3nico, a trav\u00e9s de la plataforma de contenidos que ofrece la fundaci\u00f3n.<\/p>\n\n\n\n<p class=\"wp-block-paragraph\">Una vez finalizado el curso, los j\u00f3venes que egresar\u00e1n podr\u00e1n contar con la posibilidad de acceder a la bolsa de empleo exclusiva de la fundaci\u00f3n, por medio del\u00a0Programa de Intermediaci\u00f3n Laboral\u00a0que oficia de puente entre las empresas que ofrecen vacantes.<\/p>\n\n\n\n<p class=\"wp-block-paragraph\">El programa\u00a0\u201cTu Empleo\u201d\u00a0tiene como finalidad no s\u00f3lo la capacitaci\u00f3n y adquisici\u00f3n de herramientas para potenciar habilidades laborales, sino conectar a j\u00f3venes con empresas y el mundo del trabajo y contribuir a la mejora de sus condiciones de empleabilidad, se\u00f1alaron desde la fundaci\u00f3n.<\/p>\n\n\n\n<p class=\"wp-block-paragraph\">Los grupos de j\u00f3venes aprender\u00e1n a redactar su CV, a presentarse a una entrevista laboral, conocer qu\u00e9 ponderan las empresas a la hora de contratar, derechos laborales, tipos de trabajo y contratos, a\u00f1adieron.<\/p>\n\n\n\n<p class=\"wp-block-paragraph\">Para acceder a las capacitaciones, es requisito\u00a0tener entre 18 y 24 a\u00f1os (inclusive), haber finalizado el colegio secundario (adeudando o no materias) y residir cerca de alguna de las 17 empresas sedes de capacitaci\u00f3n.<\/p>\n\n\n\n<p class=\"wp-block-paragraph\">La fundaci\u00f3n est\u00e1 presente en el conurbano y la ciudad de Buenos Aires, incluyendo La Plata y General Rodr\u00edguez, y las ciudades de Rosario, Neuqu\u00e9n, Mendoza y San Juan<\/p>\n\n\n\n<p class=\"wp-block-paragraph\">Las personas interesadas pueden inscribirse ingresando a la p\u00e1gina de la fundaci\u00f3n\u00a0www.fundacionempujar.org.<\/p>\n","protected":false},"excerpt":{"rendered":"<p>La fundaci\u00f3n\u00a0Empujar,<\/p>\n","protected":false},"author":1,"featured_media":39574,"comment_status":"closed","ping_status":"closed","sticky":false,"template":"","format":"standard","meta":{"footnotes":""},"categories":[4,8],"tags":[59],"class_list":["post-49538","post","type-post","status-publish","format-standard","has-post-thumbnail","hentry","category-nacionales","category-para-agendar","tag-nacionales"],"_links":{"self":[{"href":"https:\/\/panoramadelsur.com.ar\/index.php?rest_route=\/wp\/v2\/posts\/49538","targetHints":{"allow":["GET"]}}],"collection":[{"href":"https:\/\/panoramadelsur.com.ar\/index.php?rest_route=\/wp\/v2\/posts"}],"about":[{"href":"https:\/\/panoramadelsur.com.ar\/index.php?rest_route=\/wp\/v2\/types\/post"}],"author":[{"embeddable":true,"href":"https:\/\/panoramadelsur.com.ar\/index.php?rest_route=\/wp\/v2\/users\/1"}],"replies":[{"embeddable":true,"href":"https:\/\/panoramadelsur.com.ar\/index.php?rest_route=%2Fwp%2Fv2%2Fcomments&post=49538"}],"version-history":[{"count":1,"href":"https:\/\/panoramadelsur.com.ar\/index.php?rest_route=\/wp\/v2\/posts\/49538\/revisions"}],"predecessor-version":[{"id":49540,"href":"https:\/\/panoramadelsur.com.ar\/index.php?rest_route=\/wp\/v2\/posts\/49538\/revisions\/49540"}],"wp:featuredmedia":[{"embeddable":true,"href":"https:\/\/panoramadelsur.com.ar\/index.php?rest_route=\/wp\/v2\/media\/39574"}],"wp:attachment":[{"href":"https:\/\/panoramadelsur.com.ar\/index.php?rest_route=%2Fwp%2Fv2%2Fmedia&parent=49538"}],"wp:term":[{"taxonomy":"category","embeddable":true,"href":"https:\/\/panoramadelsur.com.ar\/index.php?rest_route=%2Fwp%2Fv2%2Fcategories&post=49538"},{"taxonomy":"post_tag","embeddable":true,"href":"https:\/\/panoramadelsur.com.ar\/index.php?rest_route=%2Fwp%2Fv2%2Ftags&post=49538"}],"curies":[{"name":"wp","href":"https:\/\/api.w.org\/{rel}","templated":true}]}}