{"id":49583,"date":"2024-02-14T01:07:00","date_gmt":"2024-02-14T04:07:00","guid":{"rendered":"https:\/\/panoramadelsur.com.ar\/?p=49583"},"modified":"2024-02-13T20:56:20","modified_gmt":"2024-02-13T23:56:20","slug":"banfield-y-barracas-central-chocaran-por-la-zona-baja-de-la-tabla","status":"publish","type":"post","link":"https:\/\/panoramadelsur.com.ar\/?p=49583","title":{"rendered":"BANFIELD Y BARRACAS CENTRAL CHOCAR\u00c1N POR LA ZONA BAJA DE LA TABLA"},"content":{"rendered":"\n<p class=\"wp-block-paragraph\">Banfield ser\u00e1 local este mi\u00e9rcoles ante Barracas Central, en la continuidad de la quinta jornada de la zona A de la Copa de la Liga Profesional de F\u00fatbol (LPF).<\/p>\n\n\n\n<p class=\"wp-block-paragraph\">El encuentro se jugar\u00e1 en el estadio Florencio Sola, a las 19.15, con transmisi\u00f3n de ESPN Premium y arbitraje de Ariel Penel.<\/p>\n\n\n\n<p class=\"wp-block-paragraph\">Banfield sufri\u00f3 una dura ca\u00edda en su visita a La Paternal (4-2 con Argentinos), en la que demostr\u00f3 falta de funcionamiento y as\u00ed lo analiz\u00f3 su entrenador, Julio C\u00e9sar Falcioni, quien coment\u00f3: \u00abSomos un equipo con muchas caras nuevas que se est\u00e1n conociendo. Nosotros tratamos de ordenarlo lo antes posible\u00bb.<\/p>\n\n\n\n<p class=\"wp-block-paragraph\">El \u00abTaladro\u00bb suma un punto y es uno de los \u00faltimos en la tabla general, por lo que ir\u00eda a un desempate por la permanencia.<\/p>\n\n\n\n<p class=\"wp-block-paragraph\">En consecuencia, Falcioni pondr\u00eda al delantero uruguayo Juan Quintana, autor de uno de los goles ante el \u00abBicho\u00bb, por Ignacio Rodr\u00edguez y Mat\u00edas Gonz\u00e1lez por Jes\u00fas Soraire en la zona media.<\/p>\n\n\n\n<p class=\"wp-block-paragraph\">Por su parte, Barracas Central cambi\u00f3 su cara en los \u00faltimos juegos, con dos triunfos en fila (1-0 a Deportivo Riestra, de visitante; 2-0 a Atl\u00e9tico Tucum\u00e1n, de local), lo que le permiti\u00f3 llegar a siete unidades.<\/p>\n\n\n\n<p class=\"wp-block-paragraph\">= Probables formaciones =<\/p>\n\n\n\n<p class=\"wp-block-paragraph\">Banfield: Marcelo Barovero; Ezequiel Bonifacio, Alejandro Maciel, Luciano Recalde y Emanuel Ins\u00faa; Mat\u00edas Gonz\u00e1lez e Yvo Calleros; Ger\u00f3nimo Rivera, Lautaro R\u00edos e Juan Quintana; Bruno Sep\u00falveda. DT: Julio Falcioni.<\/p>\n\n\n\n<p class=\"wp-block-paragraph\">Barracas Central: Sebasti\u00e1n Moyano; Facundo Mater, Nicol\u00e1s Capraro, Gonzalo Go\u00f1i y Rodrigo Ins\u00faa; Rodrigo Herrera, Siro Rosane, Lucas Brochero, Alan Cantero y Maximiliano Zalazar; Alexis Dom\u00ednguez. DT: Alejandro Orfila.<\/p>\n\n\n\n<p class=\"wp-block-paragraph\">\u00c1rbitro: Ariel Penel.<br>VAR: Silvio Trucco.<br>TV: ESPN Premium.<br>Hora: 19.15<br>Cancha: Banfield. <\/p>\n","protected":false},"excerpt":{"rendered":"<p>Banfield ser\u00e1<\/p>\n","protected":false},"author":1,"featured_media":39574,"comment_status":"closed","ping_status":"closed","sticky":false,"template":"","format":"standard","meta":{"footnotes":""},"categories":[6],"tags":[787,22,29,50],"class_list":["post-49583","post","type-post","status-publish","format-standard","has-post-thumbnail","hentry","category-deportes","tag-copa-de-la-liga","tag-futbol","tag-liga-profesional","tag-lpf"],"_links":{"self":[{"href":"https:\/\/panoramadelsur.com.ar\/index.php?rest_route=\/wp\/v2\/posts\/49583","targetHints":{"allow":["GET"]}}],"collection":[{"href":"https:\/\/panoramadelsur.com.ar\/index.php?rest_route=\/wp\/v2\/posts"}],"about":[{"href":"https:\/\/panoramadelsur.com.ar\/index.php?rest_route=\/wp\/v2\/types\/post"}],"author":[{"embeddable":true,"href":"https:\/\/panoramadelsur.com.ar\/index.php?rest_route=\/wp\/v2\/users\/1"}],"replies":[{"embeddable":true,"href":"https:\/\/panoramadelsur.com.ar\/index.php?rest_route=%2Fwp%2Fv2%2Fcomments&post=49583"}],"version-history":[{"count":1,"href":"https:\/\/panoramadelsur.com.ar\/index.php?rest_route=\/wp\/v2\/posts\/49583\/revisions"}],"predecessor-version":[{"id":49585,"href":"https:\/\/panoramadelsur.com.ar\/index.php?rest_route=\/wp\/v2\/posts\/49583\/revisions\/49585"}],"wp:featuredmedia":[{"embeddable":true,"href":"https:\/\/panoramadelsur.com.ar\/index.php?rest_route=\/wp\/v2\/media\/39574"}],"wp:attachment":[{"href":"https:\/\/panoramadelsur.com.ar\/index.php?rest_route=%2Fwp%2Fv2%2Fmedia&parent=49583"}],"wp:term":[{"taxonomy":"category","embeddable":true,"href":"https:\/\/panoramadelsur.com.ar\/index.php?rest_route=%2Fwp%2Fv2%2Fcategories&post=49583"},{"taxonomy":"post_tag","embeddable":true,"href":"https:\/\/panoramadelsur.com.ar\/index.php?rest_route=%2Fwp%2Fv2%2Ftags&post=49583"}],"curies":[{"name":"wp","href":"https:\/\/api.w.org\/{rel}","templated":true}]}}