{"id":49595,"date":"2024-02-14T01:09:00","date_gmt":"2024-02-14T04:09:00","guid":{"rendered":"https:\/\/panoramadelsur.com.ar\/?p=49595"},"modified":"2024-02-13T20:36:39","modified_gmt":"2024-02-13T23:36:39","slug":"river-buscara-seguir-de-racha-en-una-cancha-dificil-como-la-de-atletico-tucuman","status":"publish","type":"post","link":"https:\/\/panoramadelsur.com.ar\/?p=49595","title":{"rendered":"RIVER BUSCAR\u00c1 SEGUIR DE RACHA EN UNA CANCHA DIF\u00cdCIL COMO LA DE ATL\u00c9TICO TUCUM\u00c1N"},"content":{"rendered":"\n<p class=\"wp-block-paragraph\">River Plate, puntero de la zona A de la Copa de la Liga, intentar\u00e1 mantener su racha positiva este mi\u00e9rcoles cuando visite a Atl\u00e9tico Tucum\u00e1n por la quinta fecha.<\/p>\n\n\n\n<p class=\"wp-block-paragraph\">El encuentro se jugar\u00e1 desde las 21.30, en el estadio Monumental Jos\u00e9 Fierro de Tucum\u00e1n, con el arbitraje a cargo de Nazareno Arasa y la transmisi\u00f3n de ESPN Premium.<\/p>\n\n\n\n<p class=\"wp-block-paragraph\">El equipo dirigido por Mart\u00edn Demichelis tuvo un buen arranque de campeonato. Debut\u00f3 con un empate 1-1 ante Argentinos y despu\u00e9s hilvan\u00f3 victorias sin goles en contra frente a Barracas Central (2-0), V\u00e9lez (5-0) y Deportivo Riestra (3-0) por la Copa de la Liga, m\u00e1s el triunfo contra Excursionistas (3-0) en el debut de la Copa Argentina.<\/p>\n\n\n\n<p class=\"wp-block-paragraph\">Los tucumanos, por el contrario, a\u00fan no conocen la victoria en este torneo y vienen de perder 2-0 frente a Barracas Central.<\/p>\n\n\n\n<p class=\"wp-block-paragraph\">A pesar de las distintas realidades, la cancha del Decano es una de las que les cuesta a los Millonarios: en las \u00faltimas tres visitas de River a Tucum\u00e1n, entre el 2020 y el 2023, el resultado fue siempre 1-1.<\/p>\n\n\n\n<p class=\"wp-block-paragraph\">Por la intensa seguidilla de partidos en este comienzo de a\u00f1o (7 juegos en 21 d\u00edas) y con la mira puesta en el supercl\u00e1sico ante Boca Juniors del domingo 25 de febrero, el DT Demichelis podr\u00eda rotar la formaci\u00f3n inicial y su once \u00abideal\u00bb este mi\u00e9rcoles contra Atl\u00e9tico Tucum\u00e1n y tambi\u00e9n el domingo con Banfield en N\u00fa\u00f1ez.<\/p>\n\n\n\n<p class=\"wp-block-paragraph\">Franco Armani, que jug\u00f3 los 450 minutos de la temporada, seguir\u00e1 cuidando la valla invicta de los \u00faltimos encuentros, pero jugadores de campo como Ignacio Fern\u00e1ndez, Paulo D\u00edaz, Rodrigo Aliendro y Miguel Borja -quienes tambi\u00e9n fueron titulares en las cuatro fechas de la LPF y en los 32avos de final de la Copa Argentina- podr\u00edan tener descanso.<\/p>\n\n\n\n<p class=\"wp-block-paragraph\">El juvenil Franco Mastantuono ser\u00eda la variante de Nacho Fern\u00e1ndez, mientras que Ramiro Funes Mori alternar\u00eda con el chileno D\u00edaz en la defensa. Adem\u00e1s, Demichelis podr\u00eda darle minutos a Rodrigo Villagra -la \u00faltima incorporaci\u00f3n- o a Agust\u00edn Palavecino como socios del uruguayo Nicol\u00e1s Fonseca en el mediocampo en lugar de Aliendro. El colombiano Borja, con un gran presente goleador, saldr\u00eda desde el inicio aunque lo reemplazar\u00edan m\u00e1s r\u00e1pido si su desgaste lo requiere.<\/p>\n\n\n\n<p class=\"wp-block-paragraph\">Milton Casco, ya recuperado de una lesi\u00f3n, volver\u00e1 a estar entre los concentrados mientras que se espera por la llegada de Pablo Solari y Claudio Echeverri, quienes jugaron el Preol\u00edmpico Sub 23 en Venezuela, donde la Selecci\u00f3n logr\u00f3 el pasaje a los Juegos de Par\u00eds 2024 tras ganarle 1-0 a Brasil. En los pr\u00f3ximos d\u00edas tambi\u00e9n estar\u00e1n a disposici\u00f3n Santiago Sim\u00f3n, Manuel Lanzini y Mat\u00edas Kranevitter, todos recuper\u00e1ndose de distintas lesiones, para agrandar el plantel.<\/p>\n\n\n\n<p class=\"wp-block-paragraph\">En el Decano, la actualidad no es la mejor, por lo que la dupla t\u00e9cnica Sergio G\u00f3mez y Favio Orsi precisa un buen resultado para que no peligre su continuidad.<\/p>\n\n\n\n<p class=\"wp-block-paragraph\">\u00abMe duele mucho este momento porque siento el f\u00fatbol desde muy adentro, me duele porque esto es mi laburo, me duele por toda la gente que est\u00e1 detr\u00e1s de nosotros, que va al estadio y nos banca\u0085\u0094, declar\u00f3 el delantero Marcelo Estigarribia tras la derrota con Barracas sobre la situaci\u00f3n an\u00edmica y futbol\u00edstica de Atl\u00e9tico Tucum\u00e1n.<\/p>\n\n\n\n<p class=\"wp-block-paragraph\">\u00abEstamos mal. El equipo est\u00e1 sufriendo mucho desde lo mental, generamos situaciones y no las podemos meter\u00bb tenemos que cambiar la cabeza, intentar volver a ser el equipo del a\u00f1o pasado\u00bb, agreg\u00f3 el \u00b4Chelo\u00b4 en declaraciones a la prensa en la zona mixta.<\/p>\n\n\n\n<p class=\"wp-block-paragraph\">Nicol\u00e1s Romero, expulsado ante el \u00abGuapo\u00bb, no ser\u00e1 de la partida y en su lugar podr\u00eda entrar Juan Infante.<\/p>\n\n\n\n<p class=\"wp-block-paragraph\">Probables formaciones:<\/p>\n\n\n\n<p class=\"wp-block-paragraph\">Atl\u00e9tico Tucum\u00e1n: Jos\u00e9 Devecchi; N\u00e9stor Breitenbruch, Gianluca Ferrari, Juan Infante, Mat\u00edas Orihuela; Renzo Tesuri, Adri\u00e1n S\u00e1nchez, Nicol\u00e1s Castro y Joaqu\u00edn Pereyra; Marcelo Estigarribia y Mateo Coronel. DT: Sergio G\u00f3mez y Favio Orsi.<\/p>\n\n\n\n<p class=\"wp-block-paragraph\">River Plate: Franco Armani; Andr\u00e9s Herrera, Leandro Gonz\u00e1lez Pirez, Paulo D\u00edaz o Funes Mori, Enzo D\u00edaz; Nicol\u00e1s Fonseca, Rodrigo Aliendro; Nacho Fern\u00e1ndez o Franco Mastantuono, Esequiel Barco; Facundo Colidio y Miguel Borja. DT: Mart\u00edn Demichelis.<\/p>\n\n\n\n<p class=\"wp-block-paragraph\">Cancha: Monumental Jos\u00e9 Fierro (Tucum\u00e1n).<br>\u00c1rbitro: Nazareno Arasa<br>VAR: Fernando Rapallini<br>Hora: 21.30<br>TV: ESPN Premium. <\/p>\n","protected":false},"excerpt":{"rendered":"<p>River Plate,<\/p>\n","protected":false},"author":1,"featured_media":39574,"comment_status":"closed","ping_status":"closed","sticky":false,"template":"","format":"standard","meta":{"footnotes":""},"categories":[6],"tags":[787,22,29,50],"class_list":["post-49595","post","type-post","status-publish","format-standard","has-post-thumbnail","hentry","category-deportes","tag-copa-de-la-liga","tag-futbol","tag-liga-profesional","tag-lpf"],"_links":{"self":[{"href":"https:\/\/panoramadelsur.com.ar\/index.php?rest_route=\/wp\/v2\/posts\/49595","targetHints":{"allow":["GET"]}}],"collection":[{"href":"https:\/\/panoramadelsur.com.ar\/index.php?rest_route=\/wp\/v2\/posts"}],"about":[{"href":"https:\/\/panoramadelsur.com.ar\/index.php?rest_route=\/wp\/v2\/types\/post"}],"author":[{"embeddable":true,"href":"https:\/\/panoramadelsur.com.ar\/index.php?rest_route=\/wp\/v2\/users\/1"}],"replies":[{"embeddable":true,"href":"https:\/\/panoramadelsur.com.ar\/index.php?rest_route=%2Fwp%2Fv2%2Fcomments&post=49595"}],"version-history":[{"count":1,"href":"https:\/\/panoramadelsur.com.ar\/index.php?rest_route=\/wp\/v2\/posts\/49595\/revisions"}],"predecessor-version":[{"id":49597,"href":"https:\/\/panoramadelsur.com.ar\/index.php?rest_route=\/wp\/v2\/posts\/49595\/revisions\/49597"}],"wp:featuredmedia":[{"embeddable":true,"href":"https:\/\/panoramadelsur.com.ar\/index.php?rest_route=\/wp\/v2\/media\/39574"}],"wp:attachment":[{"href":"https:\/\/panoramadelsur.com.ar\/index.php?rest_route=%2Fwp%2Fv2%2Fmedia&parent=49595"}],"wp:term":[{"taxonomy":"category","embeddable":true,"href":"https:\/\/panoramadelsur.com.ar\/index.php?rest_route=%2Fwp%2Fv2%2Fcategories&post=49595"},{"taxonomy":"post_tag","embeddable":true,"href":"https:\/\/panoramadelsur.com.ar\/index.php?rest_route=%2Fwp%2Fv2%2Ftags&post=49595"}],"curies":[{"name":"wp","href":"https:\/\/api.w.org\/{rel}","templated":true}]}}