{"id":49623,"date":"2024-02-14T01:06:00","date_gmt":"2024-02-14T04:06:00","guid":{"rendered":"https:\/\/panoramadelsur.com.ar\/?p=49623"},"modified":"2024-02-13T22:42:30","modified_gmt":"2024-02-14T01:42:30","slug":"con-discursos-de-nuevos-gobernadores-se-reinicia-el-cronograma-de-apertura-de-sesiones-en-provincias","status":"publish","type":"post","link":"https:\/\/panoramadelsur.com.ar\/?p=49623","title":{"rendered":"CON DISCURSOS DE NUEVOS GOBERNADORES SE REINICIA EL CRONOGRAMA DE APERTURA DE SESIONES EN PROVINCIAS"},"content":{"rendered":"\n<p class=\"wp-block-paragraph\">Quince nuevos gobernadores debutar\u00e1n este a\u00f1o en la inauguraci\u00f3n de sesiones parlamentarias en las provincias, en un cronograma determinado por la Constituci\u00f3n de cada distrito que comienza en febrero con la reactivaci\u00f3n de actividades en las Legislaturas de C\u00f3rdoba y Entre R\u00edos, a las que se sumar\u00e1n catorce asambleas legislativas en marzo, junto a la apertura en el Congreso Nacional, mientras otras tres lo har\u00e1n en abril y las dos restantes, en mayo.<\/p>\n\n\n\n<p class=\"wp-block-paragraph\">La agenda de apertura de sesiones ordinarias comenz\u00f3, como es tradicional, el 1 de febrero en C\u00f3rdoba, con el primer discurso que pronunci\u00f3 como gobernador el peronista\u00a0Mart\u00edn Llaryora\u00a0quien ratific\u00f3 ante la Legislatura unicameral su \u00abtotal compromiso para tomar todas las decisiones necesarias en estos momentos tan dif\u00edciles\u00bb al sostener que \u00abestamos en una de las peores crisis econ\u00f3micas y social de la Rep\u00fablica Argentina\u00bb.<\/p>\n\n\n\n<p class=\"wp-block-paragraph\">En tanto, para el jueves 15 de febrero se espera en Entre R\u00edos la presentaci\u00f3n de otro debutante, el gobernador\u00a0Rogelio Frigerio\u00a0(PRO) para inaugurar el 145 per\u00edodo de sesiones de la Legislatura bicameral con su mensaje al parlamento provincial donde trazar\u00e1 la hoja de ruta de su primer a\u00f1o de gesti\u00f3n.<\/p>\n\n\n\n<p class=\"wp-block-paragraph\">Fuentes gubernamentales confirmaron que la sesi\u00f3n se realizar\u00e1 en el Centro Provincial de Convenciones (CPC), en la ciudad de Paran\u00e1, donde el mandatario provincial pronunciar\u00e1 su discurso cerca del mediod\u00eda.<\/p>\n\n\n\n<p class=\"wp-block-paragraph\">En Santiago del Estero se da una situaci\u00f3n particular dado que los 40 diputados de la Legislatura unicameral comenzaron sus actividades el 1 de febrero con una sesi\u00f3n en la que ratificaron autoridades y fijaron que las sesiones ordinarias del ciclo legislativo 2024 se desarrollar\u00e1n los martes y mi\u00e9rcoles, mientras el gobernador\u00a0Gerardo Zamora\u00a0dar\u00e1 su discurso anual ante el parlamento el 27 de abril, cuando se celebra el D\u00eda de la Autonom\u00eda provincial.<\/p>\n\n\n\n<p class=\"wp-block-paragraph\">De acuerdo con el cronograma de actividades parlamentarias, el primer d\u00eda de marzo el presidente\u00a0Javier Milei\u00a0tendr\u00e1 que presentarse ante la Asamblea Legislativa en el Congreso de la Naci\u00f3n para abrir el 142\u00b0 per\u00edodo de sesiones ordinarias -aunque a\u00fan no est\u00e1 definida la modalidad-, fecha para la cual 14 provincias tambi\u00e9n tienen previstos sus actos de apertura.<\/p>\n\n\n\n<p class=\"wp-block-paragraph\">Si bien hasta ahora, de acuerdo con lo consultado por las corresponsal\u00edas de T\u00e9lam, no estaban definidos con precisi\u00f3n los horarios y d\u00edas en que los gobernadores ofrecer\u00e1n sus discursos, para marzo tienen que presentarse ante sus respectivas Legislaturas los mandatarios de la ciudad y de la provincia de Buenos Aires, Chaco, Chubut, Corrientes, Formosa, La Pampa, La Rioja, Neuqu\u00e9n, R\u00edo Negro, Salta, Santa Cruz, Tierra del Fuego y Tucum\u00e1n.<\/p>\n\n\n\n<p class=\"wp-block-paragraph\">En ese grupo, debutar\u00e1n en esas funciones el jefe de gobierno porte\u00f1o,\u00a0Jorge Macri, y los gobernadores de Chaco,\u00a0Leandro Zdero; de Chubut,\u00a0Ignacio Torres; de Neuqu\u00e9n,\u00a0Rolando Ceferino Figueroa; de R\u00edo Negro,\u00a0Alberto Weretilneck\u00a0-en un nuevo mandato no consecutivo-; de Santa Cruz,\u00a0Claudio Vidal; y de Tucum\u00e1n,\u00a0Osvaldo Jaldo.<\/p>\n\n\n\n<p class=\"wp-block-paragraph\">Asimismo, el reelecto gobernador bonaerense,\u00a0Axel Kicillof, encabezar\u00e1 la apertura del 152\u00b0 per\u00edodo de sesiones ordinarias de la Legislatura bicameral de la provincia, el correntino\u00a0Gustavo Vald\u00e9s\u00a0dar\u00e1 su \u00faltimo discurso antes de las elecciones de 2025, el formose\u00f1o\u00a0Gildo Insfr\u00e1n\u00a0en su octavo mandato abrir\u00e1 el 51\u00b0 ciclo de sesiones,\u00a0Sergio Ziliotto\u00a0har\u00e1 lo mismo en La Pampa con el 55\u00b0 per\u00edodo de sesiones ordinarias, mientras en La Rioja el 137\u00b0 per\u00edodo ser\u00e1 inaugurado por el reelecto\u00a0Ricardo Quintela\u00a0y en Tierra del Fuego\u00a0Gustavo Melella\u00a0abrir\u00e1 la 41era temporada legislativa.<\/p>\n\n\n\n<p class=\"wp-block-paragraph\">En abril, el nuevo gobernador de Jujuy,\u00a0Carlos Sadir, abrir\u00e1 el 163\u00b0 per\u00edodo ordinario de sesiones, mientras otro debutante\u00a0Marcelo Orrego, en San Juan, hablar\u00e1 ante la Legislatura provincial y en San Luis, el nuevo mandatario\u00a0Claudio Poggi\u00a0inaugurar\u00e1 el 37\u00b0 per\u00edodo de sesiones ordinarias, aunque para \u00e9l no ser\u00e1 novedad dado que gobern\u00f3 la provincia entre 2011 y 2015.<\/p>\n\n\n\n<p class=\"wp-block-paragraph\">Una situaci\u00f3n similar ocurrir\u00e1 en mayo, cuando el radical\u00a0Alfredo Cornejo\u00a0-quien gobern\u00f3 Mendoza entre 2015 y 2019- vuelva a presentarse ante la bicameral para abrir el 184\u00b0 per\u00edodo legislativo de sesiones ordinarias, mientras en Santa Fe el nuevo mandatario\u00a0Maximiliano Pullaro\u00a0inaugurar\u00e1 el 142\u00b0 ciclo de sesiones y en Misiones, debutar\u00e1 en esa funci\u00f3n\u00a0Hugo Passalacqua, exvicegobernador provincial, a la vez que en Catamarca el reelecto\u00a0Ra\u00fal Jalil\u00a0abrir\u00e1 el 135\u00b0 per\u00edodo de sesiones ordinarias de la Legislatura bicameral.\u00a0<\/p>\n","protected":false},"excerpt":{"rendered":"<p>Quince nuevos<\/p>\n","protected":false},"author":1,"featured_media":39574,"comment_status":"closed","ping_status":"closed","sticky":false,"template":"","format":"standard","meta":{"footnotes":""},"categories":[4],"tags":[59],"class_list":["post-49623","post","type-post","status-publish","format-standard","has-post-thumbnail","hentry","category-nacionales","tag-nacionales"],"_links":{"self":[{"href":"https:\/\/panoramadelsur.com.ar\/index.php?rest_route=\/wp\/v2\/posts\/49623","targetHints":{"allow":["GET"]}}],"collection":[{"href":"https:\/\/panoramadelsur.com.ar\/index.php?rest_route=\/wp\/v2\/posts"}],"about":[{"href":"https:\/\/panoramadelsur.com.ar\/index.php?rest_route=\/wp\/v2\/types\/post"}],"author":[{"embeddable":true,"href":"https:\/\/panoramadelsur.com.ar\/index.php?rest_route=\/wp\/v2\/users\/1"}],"replies":[{"embeddable":true,"href":"https:\/\/panoramadelsur.com.ar\/index.php?rest_route=%2Fwp%2Fv2%2Fcomments&post=49623"}],"version-history":[{"count":1,"href":"https:\/\/panoramadelsur.com.ar\/index.php?rest_route=\/wp\/v2\/posts\/49623\/revisions"}],"predecessor-version":[{"id":49625,"href":"https:\/\/panoramadelsur.com.ar\/index.php?rest_route=\/wp\/v2\/posts\/49623\/revisions\/49625"}],"wp:featuredmedia":[{"embeddable":true,"href":"https:\/\/panoramadelsur.com.ar\/index.php?rest_route=\/wp\/v2\/media\/39574"}],"wp:attachment":[{"href":"https:\/\/panoramadelsur.com.ar\/index.php?rest_route=%2Fwp%2Fv2%2Fmedia&parent=49623"}],"wp:term":[{"taxonomy":"category","embeddable":true,"href":"https:\/\/panoramadelsur.com.ar\/index.php?rest_route=%2Fwp%2Fv2%2Fcategories&post=49623"},{"taxonomy":"post_tag","embeddable":true,"href":"https:\/\/panoramadelsur.com.ar\/index.php?rest_route=%2Fwp%2Fv2%2Ftags&post=49623"}],"curies":[{"name":"wp","href":"https:\/\/api.w.org\/{rel}","templated":true}]}}