{"id":49653,"date":"2024-02-14T01:06:00","date_gmt":"2024-02-14T04:06:00","guid":{"rendered":"https:\/\/panoramadelsur.com.ar\/?p=49653"},"modified":"2024-02-14T02:36:35","modified_gmt":"2024-02-14T05:36:35","slug":"acompanamiento-para-personas-en-situaciones-de-violencias","status":"publish","type":"post","link":"https:\/\/panoramadelsur.com.ar\/?p=49653","title":{"rendered":"ACOMPA\u00d1AMIENTO PARA PERSONAS EN SITUACIONES DE VIOLENCIAS"},"content":{"rendered":"\n<p class=\"wp-block-paragraph\"><strong>Berazategui cuenta con espacios dedicados a la atenci\u00f3n, asesoramiento y acompa\u00f1amiento gratuitos en problem\u00e1ticas relacionadas con casos de violencias. Con ese fin, y gracias a la decisi\u00f3n del intendente Juan Jos\u00e9 Mussi, funciona la Coordinaci\u00f3n Integral de Prevenci\u00f3n y Asistencia a las Violencias (CIPAV), que desde hace m\u00e1s de 20 a\u00f1os aborda situaciones de este tipo, sean de g\u00e9nero, f\u00edsicas, psicol\u00f3gicas, sexuales o de cualquier otra naturaleza, a trav\u00e9s de la asistencia de profesionales de diferentes disciplinas.<\/strong><\/p>\n\n\n\n<p class=\"wp-block-paragraph\">Este Centro proporciona ayuda y contenci\u00f3n a lo largo de todo el proceso de recuperaci\u00f3n an\u00edmica y reparaci\u00f3n jur\u00eddica de la v\u00edctima. Est\u00e1 situado en la Avenida 14 e\/ 131 y 132.<\/p>\n\n\n\n<p class=\"wp-block-paragraph\">Para comunicarse con la CIPAV -que depende de la Secretar\u00eda de Salud P\u00fablica e Higiene-, se puede escribir a&nbsp;<a href=\"mailto:cipavberazategui@gmail.com\">cipavberazategui@gmail.com<\/a>&nbsp;llamar al 4356-9200 (Int. 2044\/2046), o dirigirse personalmente de lunes a viernes de 8.00 a 14.00.<\/p>\n","protected":false},"excerpt":{"rendered":"<p>Berazategui cuenta<\/p>\n","protected":false},"author":1,"featured_media":39574,"comment_status":"closed","ping_status":"closed","sticky":false,"template":"","format":"standard","meta":{"footnotes":""},"categories":[3],"tags":[40],"class_list":["post-49653","post","type-post","status-publish","format-standard","has-post-thumbnail","hentry","category-regionales","tag-berazategui"],"_links":{"self":[{"href":"https:\/\/panoramadelsur.com.ar\/index.php?rest_route=\/wp\/v2\/posts\/49653","targetHints":{"allow":["GET"]}}],"collection":[{"href":"https:\/\/panoramadelsur.com.ar\/index.php?rest_route=\/wp\/v2\/posts"}],"about":[{"href":"https:\/\/panoramadelsur.com.ar\/index.php?rest_route=\/wp\/v2\/types\/post"}],"author":[{"embeddable":true,"href":"https:\/\/panoramadelsur.com.ar\/index.php?rest_route=\/wp\/v2\/users\/1"}],"replies":[{"embeddable":true,"href":"https:\/\/panoramadelsur.com.ar\/index.php?rest_route=%2Fwp%2Fv2%2Fcomments&post=49653"}],"version-history":[{"count":1,"href":"https:\/\/panoramadelsur.com.ar\/index.php?rest_route=\/wp\/v2\/posts\/49653\/revisions"}],"predecessor-version":[{"id":49655,"href":"https:\/\/panoramadelsur.com.ar\/index.php?rest_route=\/wp\/v2\/posts\/49653\/revisions\/49655"}],"wp:featuredmedia":[{"embeddable":true,"href":"https:\/\/panoramadelsur.com.ar\/index.php?rest_route=\/wp\/v2\/media\/39574"}],"wp:attachment":[{"href":"https:\/\/panoramadelsur.com.ar\/index.php?rest_route=%2Fwp%2Fv2%2Fmedia&parent=49653"}],"wp:term":[{"taxonomy":"category","embeddable":true,"href":"https:\/\/panoramadelsur.com.ar\/index.php?rest_route=%2Fwp%2Fv2%2Fcategories&post=49653"},{"taxonomy":"post_tag","embeddable":true,"href":"https:\/\/panoramadelsur.com.ar\/index.php?rest_route=%2Fwp%2Fv2%2Ftags&post=49653"}],"curies":[{"name":"wp","href":"https:\/\/api.w.org\/{rel}","templated":true}]}}