{"id":49659,"date":"2024-02-14T01:08:00","date_gmt":"2024-02-14T04:08:00","guid":{"rendered":"https:\/\/panoramadelsur.com.ar\/?p=49659"},"modified":"2024-02-14T03:23:29","modified_gmt":"2024-02-14T06:23:29","slug":"corazon-de-zona-sur-la-primera-web-municipal-para-adoptar-animalitos","status":"publish","type":"post","link":"https:\/\/panoramadelsur.com.ar\/?p=49659","title":{"rendered":"CORAZ\u00d3N DE ZONA SUR: LA PRIMERA WEB MUNICIPAL PARA ADOPTAR ANIMALITOS"},"content":{"rendered":"\n<p class=\"wp-block-paragraph\"><strong>Todos los vecinos y vecinas de Berazategui est\u00e1n invitados a visitar&nbsp;<a href=\"http:\/\/corazondezonasur.com.ar\/\" target=\"_blank\" rel=\"noreferrer noopener\">corazondezonasur.com.ar<\/a>, el primer sitio web municipal de adopci\u00f3n animal. All\u00ed pueden conocer y adoptar a los perritos que se encuentran en el Complejo Municipal Los Privilegiados (156 y 50, Pl\u00e1tanos). Adem\u00e1s, pueden informarse acerca de todos los servicios disponibles para cuidar a los animalitos de compa\u00f1\u00eda.<\/strong><\/p>\n\n\n\n<p class=\"wp-block-paragraph\">De esta manera, la Municipalidad de Berazategui &#8211; a cargo del Dr. Juan Jos\u00e9 Mussi- refuerza su compromiso con el cuidado, la protecci\u00f3n, la tenencia responsable, la salud y la seguridad de los animales.<\/p>\n\n\n\n<p class=\"wp-block-paragraph\">Los interesados en adoptar deben acercarse al Complejo Municipal Los Privilegiados, de lunes a viernes de 8.00 a 17.00. All\u00ed ser\u00e1n recibidos por personal municipal que brindar\u00e1 asesoramiento seg\u00fan cada caso. Finalmente, una vez aprobada la adopci\u00f3n, se realizar\u00e1 un seguimiento.<\/p>\n\n\n\n<p class=\"wp-block-paragraph\">Adem\u00e1s, en Coraz\u00f3n de Zona Sur se publican historias sobre animales adoptados, se difunden perros y gatos encontrados en la v\u00eda p\u00fablica para que se reencuentren con sus due\u00f1os; se pueden consultar todos los servicios que brinda la Cl\u00ednica Veterinaria Municipal; y conocer m\u00e1s sobre el Parque Municipal de la Familia y los Animales y la Granja Educativa, espacios abiertos este verano para disfrute de todos y todas.<\/p>\n","protected":false},"excerpt":{"rendered":"<p>Todos los<\/p>\n","protected":false},"author":1,"featured_media":39574,"comment_status":"closed","ping_status":"closed","sticky":false,"template":"","format":"standard","meta":{"footnotes":""},"categories":[3],"tags":[40],"class_list":["post-49659","post","type-post","status-publish","format-standard","has-post-thumbnail","hentry","category-regionales","tag-berazategui"],"_links":{"self":[{"href":"https:\/\/panoramadelsur.com.ar\/index.php?rest_route=\/wp\/v2\/posts\/49659","targetHints":{"allow":["GET"]}}],"collection":[{"href":"https:\/\/panoramadelsur.com.ar\/index.php?rest_route=\/wp\/v2\/posts"}],"about":[{"href":"https:\/\/panoramadelsur.com.ar\/index.php?rest_route=\/wp\/v2\/types\/post"}],"author":[{"embeddable":true,"href":"https:\/\/panoramadelsur.com.ar\/index.php?rest_route=\/wp\/v2\/users\/1"}],"replies":[{"embeddable":true,"href":"https:\/\/panoramadelsur.com.ar\/index.php?rest_route=%2Fwp%2Fv2%2Fcomments&post=49659"}],"version-history":[{"count":1,"href":"https:\/\/panoramadelsur.com.ar\/index.php?rest_route=\/wp\/v2\/posts\/49659\/revisions"}],"predecessor-version":[{"id":49661,"href":"https:\/\/panoramadelsur.com.ar\/index.php?rest_route=\/wp\/v2\/posts\/49659\/revisions\/49661"}],"wp:featuredmedia":[{"embeddable":true,"href":"https:\/\/panoramadelsur.com.ar\/index.php?rest_route=\/wp\/v2\/media\/39574"}],"wp:attachment":[{"href":"https:\/\/panoramadelsur.com.ar\/index.php?rest_route=%2Fwp%2Fv2%2Fmedia&parent=49659"}],"wp:term":[{"taxonomy":"category","embeddable":true,"href":"https:\/\/panoramadelsur.com.ar\/index.php?rest_route=%2Fwp%2Fv2%2Fcategories&post=49659"},{"taxonomy":"post_tag","embeddable":true,"href":"https:\/\/panoramadelsur.com.ar\/index.php?rest_route=%2Fwp%2Fv2%2Ftags&post=49659"}],"curies":[{"name":"wp","href":"https:\/\/api.w.org\/{rel}","templated":true}]}}