{"id":49662,"date":"2024-02-14T01:09:00","date_gmt":"2024-02-14T04:09:00","guid":{"rendered":"https:\/\/panoramadelsur.com.ar\/?p=49662"},"modified":"2024-02-14T03:35:42","modified_gmt":"2024-02-14T06:35:42","slug":"varela-ya-esta-disponible-el-kit-escolar-2024","status":"publish","type":"post","link":"https:\/\/panoramadelsur.com.ar\/?p=49662","title":{"rendered":"VARELA: YA EST\u00c1 DISPONIBLE EL KIT ESCOLAR 2024"},"content":{"rendered":"\n<p class=\"wp-block-paragraph\">El Ejecutivo varelense, en acuerdo con comercios del rubro, impulsa el combo de art\u00edculos indispensables para el comienzo de un nuevo ciclo lectivo a importes promocionales.<\/p>\n\n\n\n<p class=\"wp-block-paragraph\">\u201cEl intendente -Andr\u00e9s Watson- nos solicita reforzar una pol\u00edtica integral de resguardo a la econom\u00eda hogare\u00f1a\u201d, repasa el secretario de Industria y Desarrollo Productivo -Ricardo de la Fuente-.<\/p>\n\n\n\n<p class=\"wp-block-paragraph\">\u201cAnte un contexto social y econ\u00f3mico dif\u00edcil para muchas familias, es fundamental la presencia de un Municipio que acompa\u00f1a a la ciudadan\u00eda\u201d, agrega.<\/p>\n\n\n\n<p class=\"wp-block-paragraph\">\u201cJunto a los y las responsables de los negocios, presentamos esta opci\u00f3n accesible. Act\u00faa como una referencia ante el aumento de precios\u201d, se\u00f1ala el funcionario.<\/p>\n\n\n\n<p class=\"wp-block-paragraph\">Asimismo, destaca otra arista de la iniciativa. \u201cEstimula el incremento en ventas y el consumo local\u201d, puntualiza.<\/p>\n\n\n\n<p class=\"wp-block-paragraph\">El set destinado al nivel primario incluye: l\u00e1piz, birome, sacapuntas, adhesivo, corrector l\u00edquido, tijera, goma, caja de 12 l\u00e1pices de colores, cuaderno tapa dura de 50 hojas.<\/p>\n\n\n\n<p class=\"wp-block-paragraph\">En tanto, el correspondiente a secundario contiene: l\u00e1piz, birome, sacapuntas, repuesto N\u00ba3 X 48 hojas, corrector l\u00edquido, goma l\u00e1piz\/tinta, carpeta N\u00ba3. Ambos cuestan $5800.<\/p>\n\n\n\n<p class=\"wp-block-paragraph\">Para conocer los puntos adheridos, ingresar en: www.varela.gob.ar\/mercadoactivo.<\/p>\n","protected":false},"excerpt":{"rendered":"<p>El Ejecutivo<\/p>\n","protected":false},"author":1,"featured_media":39574,"comment_status":"closed","ping_status":"closed","sticky":false,"template":"","format":"standard","meta":{"footnotes":""},"categories":[3],"tags":[30],"class_list":["post-49662","post","type-post","status-publish","format-standard","has-post-thumbnail","hentry","category-regionales","tag-varela"],"_links":{"self":[{"href":"https:\/\/panoramadelsur.com.ar\/index.php?rest_route=\/wp\/v2\/posts\/49662","targetHints":{"allow":["GET"]}}],"collection":[{"href":"https:\/\/panoramadelsur.com.ar\/index.php?rest_route=\/wp\/v2\/posts"}],"about":[{"href":"https:\/\/panoramadelsur.com.ar\/index.php?rest_route=\/wp\/v2\/types\/post"}],"author":[{"embeddable":true,"href":"https:\/\/panoramadelsur.com.ar\/index.php?rest_route=\/wp\/v2\/users\/1"}],"replies":[{"embeddable":true,"href":"https:\/\/panoramadelsur.com.ar\/index.php?rest_route=%2Fwp%2Fv2%2Fcomments&post=49662"}],"version-history":[{"count":1,"href":"https:\/\/panoramadelsur.com.ar\/index.php?rest_route=\/wp\/v2\/posts\/49662\/revisions"}],"predecessor-version":[{"id":49664,"href":"https:\/\/panoramadelsur.com.ar\/index.php?rest_route=\/wp\/v2\/posts\/49662\/revisions\/49664"}],"wp:featuredmedia":[{"embeddable":true,"href":"https:\/\/panoramadelsur.com.ar\/index.php?rest_route=\/wp\/v2\/media\/39574"}],"wp:attachment":[{"href":"https:\/\/panoramadelsur.com.ar\/index.php?rest_route=%2Fwp%2Fv2%2Fmedia&parent=49662"}],"wp:term":[{"taxonomy":"category","embeddable":true,"href":"https:\/\/panoramadelsur.com.ar\/index.php?rest_route=%2Fwp%2Fv2%2Fcategories&post=49662"},{"taxonomy":"post_tag","embeddable":true,"href":"https:\/\/panoramadelsur.com.ar\/index.php?rest_route=%2Fwp%2Fv2%2Ftags&post=49662"}],"curies":[{"name":"wp","href":"https:\/\/api.w.org\/{rel}","templated":true}]}}