{"id":49683,"date":"2024-02-16T01:02:00","date_gmt":"2024-02-16T04:02:00","guid":{"rendered":"https:\/\/panoramadelsur.com.ar\/?p=49683"},"modified":"2024-02-15T18:33:01","modified_gmt":"2024-02-15T21:33:01","slug":"abrio-la-inscripcion-para-el-boleto-especial-educativo-en-la-provincia-de-buenos-aires","status":"publish","type":"post","link":"https:\/\/panoramadelsur.com.ar\/?p=49683","title":{"rendered":"ABRI\u00d3 LA INSCRIPCI\u00d3N PARA EL BOLETO ESPECIAL EDUCATIVO EN LA PROVINCIA DE BUENOS AIRES"},"content":{"rendered":"\n<p class=\"wp-block-paragraph\">El Ministerio de Transporte de la provincia de Buenos Aires anunci\u00f3&nbsp; que los estudiantes del nivel inicial, primario y secundario que cumplan con los requisitos correspondientes para acceder al Boleto Especial Educativo, ya pueden iniciar el tr\u00e1mite a trav\u00e9s del sitio web del organismo.<\/p>\n\n\n\n<p class=\"wp-block-paragraph\">De cara al inicio del ciclo lectivo 2024, se anunci\u00f3 la habilitaci\u00f3n del tr\u00e1mite para acceder al Boleto Especial Educativo a trav\u00e9s del&nbsp;<a href=\"https:\/\/www.gba.gob.ar\/transporte\/boleto_estudiantil\" target=\"_blank\" rel=\"noreferrer noopener\">sitio web<\/a>.<\/p>\n\n\n\n<p class=\"wp-block-paragraph\">Los requisitos para acceder al beneficio son: ser alumno o alumna regular; residir a una distancia mayor a 600 metros del establecimiento educativo para los Niveles Inicial y Primario, y a 800 metros para el Nivel Secundario.<\/p>\n\n\n\n<p class=\"wp-block-paragraph\">\u00abCon esta medida se apunta a acompa\u00f1ar las actividades de intensificaci\u00f3n escolar impulsadas por la Direcci\u00f3n General de Cultura y Educaci\u00f3n y ser\u00e1 de implementaci\u00f3n desde el pr\u00f3ximo 19 de febrero\u00bb, se anunci\u00f3, y se aclar\u00f3 que la medida abarca a las instituciones con sede en la provincia de Buenos Aires.<\/p>\n","protected":false},"excerpt":{"rendered":"<p>El Ministerio<\/p>\n","protected":false},"author":1,"featured_media":39574,"comment_status":"closed","ping_status":"closed","sticky":false,"template":"","format":"standard","meta":{"footnotes":""},"categories":[8,5],"tags":[687,28,27,275],"class_list":["post-49683","post","type-post","status-publish","format-standard","has-post-thumbnail","hentry","category-para-agendar","category-provincia","tag-boleto","tag-gba","tag-provincia","tag-transporte"],"_links":{"self":[{"href":"https:\/\/panoramadelsur.com.ar\/index.php?rest_route=\/wp\/v2\/posts\/49683","targetHints":{"allow":["GET"]}}],"collection":[{"href":"https:\/\/panoramadelsur.com.ar\/index.php?rest_route=\/wp\/v2\/posts"}],"about":[{"href":"https:\/\/panoramadelsur.com.ar\/index.php?rest_route=\/wp\/v2\/types\/post"}],"author":[{"embeddable":true,"href":"https:\/\/panoramadelsur.com.ar\/index.php?rest_route=\/wp\/v2\/users\/1"}],"replies":[{"embeddable":true,"href":"https:\/\/panoramadelsur.com.ar\/index.php?rest_route=%2Fwp%2Fv2%2Fcomments&post=49683"}],"version-history":[{"count":1,"href":"https:\/\/panoramadelsur.com.ar\/index.php?rest_route=\/wp\/v2\/posts\/49683\/revisions"}],"predecessor-version":[{"id":49685,"href":"https:\/\/panoramadelsur.com.ar\/index.php?rest_route=\/wp\/v2\/posts\/49683\/revisions\/49685"}],"wp:featuredmedia":[{"embeddable":true,"href":"https:\/\/panoramadelsur.com.ar\/index.php?rest_route=\/wp\/v2\/media\/39574"}],"wp:attachment":[{"href":"https:\/\/panoramadelsur.com.ar\/index.php?rest_route=%2Fwp%2Fv2%2Fmedia&parent=49683"}],"wp:term":[{"taxonomy":"category","embeddable":true,"href":"https:\/\/panoramadelsur.com.ar\/index.php?rest_route=%2Fwp%2Fv2%2Fcategories&post=49683"},{"taxonomy":"post_tag","embeddable":true,"href":"https:\/\/panoramadelsur.com.ar\/index.php?rest_route=%2Fwp%2Fv2%2Ftags&post=49683"}],"curies":[{"name":"wp","href":"https:\/\/api.w.org\/{rel}","templated":true}]}}