{"id":49725,"date":"2024-02-16T01:01:00","date_gmt":"2024-02-16T04:01:00","guid":{"rendered":"https:\/\/panoramadelsur.com.ar\/?p=49725"},"modified":"2024-02-15T22:28:34","modified_gmt":"2024-02-16T01:28:34","slug":"el-banco-nacion-lanzo-la-campana-vuelta-al-cole-con-descuentos-de-hasta-el-35","status":"publish","type":"post","link":"https:\/\/panoramadelsur.com.ar\/?p=49725","title":{"rendered":"EL BANCO NACI\u00d3N LANZ\u00d3 LA CAMPA\u00d1A \u00abVUELTA AL COLE\u00bb CON DESCUENTOS DE HASTA EL 35%"},"content":{"rendered":"\n<p class=\"wp-block-paragraph\">El Banco de la Naci\u00f3n Argentina (BNA) lanz\u00f3 la campa\u00f1a \u00abVuelta al Cole\u00bb, que incluye beneficios de hasta el 35% y cuotas sin inter\u00e9s&nbsp;en compras abonadas con los medios de pagos que ofrece \u00abMODO BNA+\u00bb.<\/p>\n\n\n\n<p class=\"wp-block-paragraph\">La promoci\u00f3n&nbsp;estar\u00e1 vigente entre el 19 y 24 de febrero&nbsp;y ofrece descuentos en tres segmentos: librer\u00edas, indumentaria y tecnolog\u00eda.<\/p>\n\n\n\n<p class=\"wp-block-paragraph\">Por un lado, los usuarios podr\u00e1n obtener&nbsp;un reintegro del 25% hasta $ 8.000 en la primera compra&nbsp;por cuenta y hasta 6 cuotas sin inter\u00e9s, abonando exclusivamente con \u00abMODO BNA+\u00bb, en m\u00e1s de 2.200 comercios seleccionados de rubros librer\u00edas de texto, librer\u00edas e indumentaria.<\/p>\n\n\n\n<p class=\"wp-block-paragraph\">Adem\u00e1s, si se perciben los haberes en el BNA,&nbsp;se obtendr\u00e1 un 10% adicional de reintegro sin tope de devoluci\u00f3n, inform\u00f3 la entidad bancaria en un comunicado de prensa.<\/p>\n\n\n\n<p class=\"wp-block-paragraph\">Por el otro, comprando en \u00abTienda BNA+\u00bb, se podr\u00e1n acceder hasta 12 cuotas sin inter\u00e9s en productos de primeras marcas seleccionados como notebooks, monitores, tablets y m\u00e1s.<\/p>\n\n\n\n<p class=\"wp-block-paragraph\">Los clientes podr\u00e1n abonar en hasta 3 cuotas sin inter\u00e9s productos seleccionados de los rubros indumentaria y librer\u00eda,&nbsp;y si se perciben los haberes en el BNA, habr\u00e1 un 25 % de descuento adicional con un tope de devoluci\u00f3n de $ 5.000 por cliente exclusivamente pagando con \u00abMODO BNA+\u00bb.<\/p>\n\n\n\n<p class=\"wp-block-paragraph\">El objetivo de esta iniciativa&nbsp;que estar\u00e1 vigente del 19 al 24 de febrero&nbsp;busca facilitar a las familias el regreso a la rutina escolar y que tendr\u00e1 descuentos y cuotas.<\/p>\n","protected":false},"excerpt":{"rendered":"<p>El Banco<\/p>\n","protected":false},"author":1,"featured_media":39574,"comment_status":"closed","ping_status":"closed","sticky":false,"template":"","format":"standard","meta":{"footnotes":""},"categories":[4,8],"tags":[807,59],"class_list":["post-49725","post","type-post","status-publish","format-standard","has-post-thumbnail","hentry","category-nacionales","category-para-agendar","tag-bna","tag-nacionales"],"_links":{"self":[{"href":"https:\/\/panoramadelsur.com.ar\/index.php?rest_route=\/wp\/v2\/posts\/49725","targetHints":{"allow":["GET"]}}],"collection":[{"href":"https:\/\/panoramadelsur.com.ar\/index.php?rest_route=\/wp\/v2\/posts"}],"about":[{"href":"https:\/\/panoramadelsur.com.ar\/index.php?rest_route=\/wp\/v2\/types\/post"}],"author":[{"embeddable":true,"href":"https:\/\/panoramadelsur.com.ar\/index.php?rest_route=\/wp\/v2\/users\/1"}],"replies":[{"embeddable":true,"href":"https:\/\/panoramadelsur.com.ar\/index.php?rest_route=%2Fwp%2Fv2%2Fcomments&post=49725"}],"version-history":[{"count":1,"href":"https:\/\/panoramadelsur.com.ar\/index.php?rest_route=\/wp\/v2\/posts\/49725\/revisions"}],"predecessor-version":[{"id":49727,"href":"https:\/\/panoramadelsur.com.ar\/index.php?rest_route=\/wp\/v2\/posts\/49725\/revisions\/49727"}],"wp:featuredmedia":[{"embeddable":true,"href":"https:\/\/panoramadelsur.com.ar\/index.php?rest_route=\/wp\/v2\/media\/39574"}],"wp:attachment":[{"href":"https:\/\/panoramadelsur.com.ar\/index.php?rest_route=%2Fwp%2Fv2%2Fmedia&parent=49725"}],"wp:term":[{"taxonomy":"category","embeddable":true,"href":"https:\/\/panoramadelsur.com.ar\/index.php?rest_route=%2Fwp%2Fv2%2Fcategories&post=49725"},{"taxonomy":"post_tag","embeddable":true,"href":"https:\/\/panoramadelsur.com.ar\/index.php?rest_route=%2Fwp%2Fv2%2Ftags&post=49725"}],"curies":[{"name":"wp","href":"https:\/\/api.w.org\/{rel}","templated":true}]}}