{"id":5081,"date":"2021-06-02T08:56:34","date_gmt":"2021-06-02T11:56:34","guid":{"rendered":"http:\/\/panoramadelsur.com.ar\/?p=5081"},"modified":"2021-06-02T08:56:37","modified_gmt":"2021-06-02T11:56:37","slug":"detectan-unos-cinco-mil-bonaerenses-que-no-cumplian-requisitos-para-vacunarse","status":"publish","type":"post","link":"https:\/\/panoramadelsur.com.ar\/?p=5081","title":{"rendered":"Detectan unos cinco mil bonaerenses que no cumpl\u00edan requisitos para vacunarse"},"content":{"rendered":"\n<p class=\"wp-block-paragraph\" id=\"block-de7dbf59-3da0-4b3e-93e2-44fd098717dc\">El Gobierno bonaerense detect\u00f3 que m\u00e1s de cinco mil personas que se presentaron a los vacunatorios no cumpl\u00edan con los requisitos exigidos para recibir la vacuna contra el coronavirus, inform\u00f3 el ministerio de Salud provincial.<\/p>\n\n\n\n<p class=\"wp-block-paragraph\" id=\"block-6c05f60f-10b6-4f6b-a37b-74ffeaebe352\">La cartera sanitaria consign\u00f3 que al inicio de esta semana ya se aplicaron 3.688.855 vacunas de la primera dosis contra el Covid-19, de las cuales 1.314.194 de las personas que la recibieron tuvieron que presentar una constancia que acredite la existencia de una condici\u00f3n de riesgo, para tener prioridad en la vacunaci\u00f3n.<\/p>\n\n\n\n<p class=\"wp-block-paragraph\" id=\"block-bf5b6e2a-122e-49fd-8e5a-84b5d7c0c00f\">De ese total, 5.256 personas no contaban con documentaci\u00f3n sobre la enfermedad preexistente o no quisieron firmar la declaraci\u00f3n jurada, en la posta de vacunaci\u00f3n.<\/p>\n\n\n\n<p class=\"wp-block-paragraph\" id=\"block-55d94370-6346-4e25-b4e5-f4fac08a8b78\">El resto era mayor de 60 a\u00f1os y solo con la identidad, acredit\u00f3 su condici\u00f3n de riesgo para vacunarse con prioridad.<\/p>\n\n\n\n<p class=\"wp-block-paragraph\" id=\"block-90bc3c2a-cb28-4d47-a1e3-4d24f40f85ab\">La informaci\u00f3n surge a partir del cruce de datos hasta esta \u00faltima semana entre el sistema informatizado, que cre\u00f3 en pandemia el Gobierno bonaerense, para la carga de informaci\u00f3n de las personas que se inscriben para recibir la vacuna y el control que realizan los trabajadores durante el triage, en la zona previa a la vacunaci\u00f3n en cada posta.<\/p>\n\n\n\n<p class=\"wp-block-paragraph\" id=\"block-35f0cde4-f4e8-46b2-9b51-f7abae282a25\">All\u00ed se consulta sobre la enfermedad preexistente que declar\u00f3 y se le pide la constancia y en caso de no disponer de ese documento, se le ofrece firmar una declaraci\u00f3n jurada para acreditar la condici\u00f3n por la que se hab\u00eda inscripto y fueron priorizadas para vacunarse.<\/p>\n\n\n\n<p class=\"wp-block-paragraph\" id=\"block-9a456a1e-52ea-4248-9590-38c55dc6984c\">\u201cHay un importante n\u00famero de las personas vacunadas que necesitaron presentar documentaci\u00f3n, mayormente las personas que tienen una comorbilidad pero tambi\u00e9n trabajadores de la Salud, de Seguridad, y docentes, que tienen que dar cuenta de esa actividad\u201d, explic\u00f3 la subsecretaria de Gesti\u00f3n de la Informaci\u00f3n, Leticia Ceriani.<\/p>\n\n\n\n<p class=\"wp-block-paragraph\" id=\"block-a3559742-20ae-417c-8cb8-8a75369a88d2\">La funcionaria precis\u00f3 que del total \u201cs\u00f3lo el 0,4% fueron rechazadas en la instancia del triage por no contar con documentaci\u00f3n que acredite la condici\u00f3n y no querer firmar la declaraci\u00f3n jurada, que es la otra opci\u00f3n que tenemos para poder acceder a la vacunaci\u00f3n\u201d.<\/p>\n","protected":false},"excerpt":{"rendered":"<p>El Gobierno<\/p>\n","protected":false},"author":1,"featured_media":39574,"comment_status":"open","ping_status":"open","sticky":false,"template":"","format":"standard","meta":{"footnotes":""},"categories":[5],"tags":[],"class_list":["post-5081","post","type-post","status-publish","format-standard","has-post-thumbnail","hentry","category-provincia"],"_links":{"self":[{"href":"https:\/\/panoramadelsur.com.ar\/index.php?rest_route=\/wp\/v2\/posts\/5081","targetHints":{"allow":["GET"]}}],"collection":[{"href":"https:\/\/panoramadelsur.com.ar\/index.php?rest_route=\/wp\/v2\/posts"}],"about":[{"href":"https:\/\/panoramadelsur.com.ar\/index.php?rest_route=\/wp\/v2\/types\/post"}],"author":[{"embeddable":true,"href":"https:\/\/panoramadelsur.com.ar\/index.php?rest_route=\/wp\/v2\/users\/1"}],"replies":[{"embeddable":true,"href":"https:\/\/panoramadelsur.com.ar\/index.php?rest_route=%2Fwp%2Fv2%2Fcomments&post=5081"}],"version-history":[{"count":1,"href":"https:\/\/panoramadelsur.com.ar\/index.php?rest_route=\/wp\/v2\/posts\/5081\/revisions"}],"predecessor-version":[{"id":5083,"href":"https:\/\/panoramadelsur.com.ar\/index.php?rest_route=\/wp\/v2\/posts\/5081\/revisions\/5083"}],"wp:featuredmedia":[{"embeddable":true,"href":"https:\/\/panoramadelsur.com.ar\/index.php?rest_route=\/wp\/v2\/media\/39574"}],"wp:attachment":[{"href":"https:\/\/panoramadelsur.com.ar\/index.php?rest_route=%2Fwp%2Fv2%2Fmedia&parent=5081"}],"wp:term":[{"taxonomy":"category","embeddable":true,"href":"https:\/\/panoramadelsur.com.ar\/index.php?rest_route=%2Fwp%2Fv2%2Fcategories&post=5081"},{"taxonomy":"post_tag","embeddable":true,"href":"https:\/\/panoramadelsur.com.ar\/index.php?rest_route=%2Fwp%2Fv2%2Ftags&post=5081"}],"curies":[{"name":"wp","href":"https:\/\/api.w.org\/{rel}","templated":true}]}}