{"id":512,"date":"2021-02-10T10:11:22","date_gmt":"2021-02-10T10:11:22","guid":{"rendered":"http:\/\/panoramadelsur.com.ar\/?p=512"},"modified":"2021-02-10T10:11:23","modified_gmt":"2021-02-10T10:11:23","slug":"lapano-presente-en-la-preinscripcion-de-vacunacion-contra-el-covid-19-que-realiza-ate-quilmes","status":"publish","type":"post","link":"https:\/\/panoramadelsur.com.ar\/?p=512","title":{"rendered":"Lapano, presente en la preinscripci\u00f3n de vacunaci\u00f3n contra el Covid-19 que realiza ATE Quilmes"},"content":{"rendered":"\n<p class=\"wp-block-paragraph\">En la jornada de ayer se hizo presente en la seccional de ATE Quilmes, el Subsecretario de Cultura y Educaci\u00f3n del Municipio de Quilmes, Gustavo Lapano, quien presenci\u00f3 la preinscripci\u00f3n de la vacunaci\u00f3n contra el COVID-19 que se est\u00e1 realizando en la organizaci\u00f3n y anunci\u00f3 que tanto los auxiliares de educaci\u00f3n, como los docentes y las fuerzas de seguridad, en una primera etapa se van a estar vacunando en el Centro de Salud, Germ\u00e1n Abdala, as\u00ed como tambi\u00e9n en la sede de la organizaci\u00f3n de SUTEBA; y en Centro de Emergencias de Quilmes, CEQ.<br>A su vez, Lapano, destac\u00f3 la labor de ATE Quilmes con respecto a la preinscripci\u00f3n de la vacunaci\u00f3n contra el COVID-19 y mencion\u00f3 que es importante continuar con esta campa\u00f1a para que la mayor cantidad de vecinos y vecinas de Quilmes se puedan colocar la vacuna ya que es la \u00fanica manera de vencer este virus.<\/p>\n","protected":false},"excerpt":{"rendered":"<p>En la<\/p>\n","protected":false},"author":1,"featured_media":39574,"comment_status":"open","ping_status":"open","sticky":false,"template":"","format":"standard","meta":{"footnotes":""},"categories":[2],"tags":[],"class_list":["post-512","post","type-post","status-publish","format-standard","has-post-thumbnail","hentry","category-quilmes"],"_links":{"self":[{"href":"https:\/\/panoramadelsur.com.ar\/index.php?rest_route=\/wp\/v2\/posts\/512","targetHints":{"allow":["GET"]}}],"collection":[{"href":"https:\/\/panoramadelsur.com.ar\/index.php?rest_route=\/wp\/v2\/posts"}],"about":[{"href":"https:\/\/panoramadelsur.com.ar\/index.php?rest_route=\/wp\/v2\/types\/post"}],"author":[{"embeddable":true,"href":"https:\/\/panoramadelsur.com.ar\/index.php?rest_route=\/wp\/v2\/users\/1"}],"replies":[{"embeddable":true,"href":"https:\/\/panoramadelsur.com.ar\/index.php?rest_route=%2Fwp%2Fv2%2Fcomments&post=512"}],"version-history":[{"count":1,"href":"https:\/\/panoramadelsur.com.ar\/index.php?rest_route=\/wp\/v2\/posts\/512\/revisions"}],"predecessor-version":[{"id":514,"href":"https:\/\/panoramadelsur.com.ar\/index.php?rest_route=\/wp\/v2\/posts\/512\/revisions\/514"}],"wp:featuredmedia":[{"embeddable":true,"href":"https:\/\/panoramadelsur.com.ar\/index.php?rest_route=\/wp\/v2\/media\/39574"}],"wp:attachment":[{"href":"https:\/\/panoramadelsur.com.ar\/index.php?rest_route=%2Fwp%2Fv2%2Fmedia&parent=512"}],"wp:term":[{"taxonomy":"category","embeddable":true,"href":"https:\/\/panoramadelsur.com.ar\/index.php?rest_route=%2Fwp%2Fv2%2Fcategories&post=512"},{"taxonomy":"post_tag","embeddable":true,"href":"https:\/\/panoramadelsur.com.ar\/index.php?rest_route=%2Fwp%2Fv2%2Ftags&post=512"}],"curies":[{"name":"wp","href":"https:\/\/api.w.org\/{rel}","templated":true}]}}