{"id":5139,"date":"2021-06-03T01:04:00","date_gmt":"2021-06-03T04:04:00","guid":{"rendered":"http:\/\/panoramadelsur.com.ar\/?p=5139"},"modified":"2021-06-02T22:41:46","modified_gmt":"2021-06-03T01:41:46","slug":"la-obra-social-bonaerense-comenzo-a-vacunar-contra-la-gripe","status":"publish","type":"post","link":"https:\/\/panoramadelsur.com.ar\/?p=5139","title":{"rendered":"La obra social bonaerense comenz\u00f3 a vacunar contra la gripe"},"content":{"rendered":"\n<p class=\"wp-block-paragraph\">La obra social de la provincia de Buenos Aires Instituto Obra M\u00e9dico Asistencial (IOMA), con m\u00e1s de dos millones de afiliados, comenz\u00f3 a aplicar de manera gratuita la vacuna antigripal a personas mayores, embarazadas, o con patolog\u00eda de riesgo que sean afiliadas, inform\u00f3 la entidad provincial.<\/p>\n\n\n\n<p class=\"wp-block-paragraph\">Los afiliados y afiliadas que integren esos grupos deben concurrir directamente a las farmacias adheridas sin otra documentaci\u00f3n que el DNI, su carnet afiliatorio o credencial digital, seg\u00fan se indic\u00f3.<\/p>\n\n\n\n<p class=\"wp-block-paragraph\">Para garantizar la eficacia, seguridad y comodidad de este sistema, IOMA pone al alcance de sus afiliadas y afiliados 865 farmacias adheridas en todo el territorio bonaerense, que se puede conocer a trav\u00e9s de la web de IOMA www.ioma.gba.gob.ar .<\/p>\n\n\n\n<p class=\"wp-block-paragraph\">Tambi\u00e9n pueden consultar en el sitio cu\u00e1les son las patolog\u00edas o factores de riesgo.<\/p>\n\n\n\n<p class=\"wp-block-paragraph\">Seg\u00fan se inform\u00f3, la modalidad contempla a las personas mayores de 65 a\u00f1os y a las menores de esa edad con patolog\u00edas de riesgo que se hayan vacunado a trav\u00e9s de la Campa\u00f1a Antigripal de la obra social en los a\u00f1os 2018, 2019 y 2020.<\/p>\n\n\n\n<p class=\"wp-block-paragraph\">Quienes cumplieron los 65 a\u00f1os recientemente o tienen menos de esa edad, patolog\u00edas de riesgo y no recibieron la vacuna en los per\u00edodos mencionados, deben presentarse en las farmacias adheridas con la receta y orden con diagn\u00f3stico del profesional m\u00e9dico tratante, en papel o digital, agreg\u00f3 la informaci\u00f3n.<\/p>\n\n\n\n<p class=\"wp-block-paragraph\">Las personas gestantes que atraviesen cualquier trimestre de embarazo, as\u00ed como las pu\u00e9rperas dentro de los 10 d\u00edas despu\u00e9s del parto que no hayan sido vacunadas en ese per\u00edodo, deben concurrir a la farmacia con constancia de embarazo, nacimiento o puerperio.<\/p>\n\n\n\n<p class=\"wp-block-paragraph\">Es muy importante tener en cuenta que hay que contemplar un intervalo de 14 d\u00edas o dos semanas entre la aplicaci\u00f3n de la vacuna antigripal y cualquier dosis de la vacuna contra la Covid-19, de modo que la farmacia podr\u00e1 pedir el comprobante de esta \u00faltima, abund\u00f3 la informaci\u00f3n.<\/p>\n\n\n\n<p class=\"wp-block-paragraph\">Para mayor informaci\u00f3n sobre la vacunaci\u00f3n antigripal los y las afiliadas pueden ingresar al micrositio http:\/\/www.ioma.gba.gob.ar\/index.php\/campana-de-vacunacion-antigripal-2021.<\/p>\n","protected":false},"excerpt":{"rendered":"<p>La obra<\/p>\n","protected":false},"author":1,"featured_media":39574,"comment_status":"open","ping_status":"open","sticky":false,"template":"","format":"standard","meta":{"footnotes":""},"categories":[8,5],"tags":[],"class_list":["post-5139","post","type-post","status-publish","format-standard","has-post-thumbnail","hentry","category-para-agendar","category-provincia"],"_links":{"self":[{"href":"https:\/\/panoramadelsur.com.ar\/index.php?rest_route=\/wp\/v2\/posts\/5139","targetHints":{"allow":["GET"]}}],"collection":[{"href":"https:\/\/panoramadelsur.com.ar\/index.php?rest_route=\/wp\/v2\/posts"}],"about":[{"href":"https:\/\/panoramadelsur.com.ar\/index.php?rest_route=\/wp\/v2\/types\/post"}],"author":[{"embeddable":true,"href":"https:\/\/panoramadelsur.com.ar\/index.php?rest_route=\/wp\/v2\/users\/1"}],"replies":[{"embeddable":true,"href":"https:\/\/panoramadelsur.com.ar\/index.php?rest_route=%2Fwp%2Fv2%2Fcomments&post=5139"}],"version-history":[{"count":1,"href":"https:\/\/panoramadelsur.com.ar\/index.php?rest_route=\/wp\/v2\/posts\/5139\/revisions"}],"predecessor-version":[{"id":5141,"href":"https:\/\/panoramadelsur.com.ar\/index.php?rest_route=\/wp\/v2\/posts\/5139\/revisions\/5141"}],"wp:featuredmedia":[{"embeddable":true,"href":"https:\/\/panoramadelsur.com.ar\/index.php?rest_route=\/wp\/v2\/media\/39574"}],"wp:attachment":[{"href":"https:\/\/panoramadelsur.com.ar\/index.php?rest_route=%2Fwp%2Fv2%2Fmedia&parent=5139"}],"wp:term":[{"taxonomy":"category","embeddable":true,"href":"https:\/\/panoramadelsur.com.ar\/index.php?rest_route=%2Fwp%2Fv2%2Fcategories&post=5139"},{"taxonomy":"post_tag","embeddable":true,"href":"https:\/\/panoramadelsur.com.ar\/index.php?rest_route=%2Fwp%2Fv2%2Ftags&post=5139"}],"curies":[{"name":"wp","href":"https:\/\/api.w.org\/{rel}","templated":true}]}}