{"id":51452,"date":"2024-04-24T01:04:00","date_gmt":"2024-04-24T04:04:00","guid":{"rendered":"https:\/\/panoramadelsur.com.ar\/?p=51452"},"modified":"2024-04-14T20:24:15","modified_gmt":"2024-04-14T23:24:15","slug":"haran-la-primera-bendicion-de-animales-en-berazategui","status":"publish","type":"post","link":"https:\/\/panoramadelsur.com.ar\/?p=51452","title":{"rendered":"HAR\u00c1N LA PRIMERA BENDICI\u00d3N DE ANIMALES EN BERAZATEGUI"},"content":{"rendered":"\n<p>El s\u00e1bado 27 de abril se har\u00e1 la primera bendici\u00f3n de animales en Berazategui, organizada por la Municipalidad, el Padre Guillermo Feldmann -junto a la Parroquia Sagrada Familia- y el Obispado. El evento se realizar\u00e1 en la Plaza San Mart\u00edn (Av. Mitre e\/ 6 y 7), a partir de las 14.00, con acceso libre y gratuito.<\/p>\n\n\n\n<p>El Padre Guillermo expres\u00f3 al respecto: \u201cVamos a hacer esta actividad en el marco del D\u00eda Mundial de los Animales, que se celebra cada 29 de abril. Por eso, invitamos a los vecinos y vecinas a que se acerquen junto a sus animales, para que podamos hacer una bendici\u00f3n y pedirle a Dios que cuide y vele por cada uno de ellos\u201d.<\/p>\n\n\n\n<p>\u201cLa idea surgi\u00f3 en el \u00faltimo tedeum por la Autonom\u00eda de Berazategui y decidimos trabajar en conjunto con la Municipalidad para concretarla. Ese d\u00eda va a primar, sobre todas las cosas, el amor que tenemos por los animales\u201d, concluy\u00f3 el cura.<\/p>\n\n\n\n<p>El Municipio recomienda a las familias que asistan con animales, que lleven sus bebederos y bolsitas para juntar sus desechos.<\/p>\n","protected":false},"excerpt":{"rendered":"<p>El s\u00e1bado<\/p>\n","protected":false},"author":1,"featured_media":51453,"comment_status":"closed","ping_status":"closed","sticky":false,"template":"","format":"standard","meta":{"footnotes":""},"categories":[8,3],"tags":[40],"class_list":["post-51452","post","type-post","status-publish","format-standard","has-post-thumbnail","hentry","category-para-agendar","category-regionales","tag-berazategui"],"_links":{"self":[{"href":"https:\/\/panoramadelsur.com.ar\/index.php?rest_route=\/wp\/v2\/posts\/51452","targetHints":{"allow":["GET"]}}],"collection":[{"href":"https:\/\/panoramadelsur.com.ar\/index.php?rest_route=\/wp\/v2\/posts"}],"about":[{"href":"https:\/\/panoramadelsur.com.ar\/index.php?rest_route=\/wp\/v2\/types\/post"}],"author":[{"embeddable":true,"href":"https:\/\/panoramadelsur.com.ar\/index.php?rest_route=\/wp\/v2\/users\/1"}],"replies":[{"embeddable":true,"href":"https:\/\/panoramadelsur.com.ar\/index.php?rest_route=%2Fwp%2Fv2%2Fcomments&post=51452"}],"version-history":[{"count":1,"href":"https:\/\/panoramadelsur.com.ar\/index.php?rest_route=\/wp\/v2\/posts\/51452\/revisions"}],"predecessor-version":[{"id":51454,"href":"https:\/\/panoramadelsur.com.ar\/index.php?rest_route=\/wp\/v2\/posts\/51452\/revisions\/51454"}],"wp:featuredmedia":[{"embeddable":true,"href":"https:\/\/panoramadelsur.com.ar\/index.php?rest_route=\/wp\/v2\/media\/51453"}],"wp:attachment":[{"href":"https:\/\/panoramadelsur.com.ar\/index.php?rest_route=%2Fwp%2Fv2%2Fmedia&parent=51452"}],"wp:term":[{"taxonomy":"category","embeddable":true,"href":"https:\/\/panoramadelsur.com.ar\/index.php?rest_route=%2Fwp%2Fv2%2Fcategories&post=51452"},{"taxonomy":"post_tag","embeddable":true,"href":"https:\/\/panoramadelsur.com.ar\/index.php?rest_route=%2Fwp%2Fv2%2Ftags&post=51452"}],"curies":[{"name":"wp","href":"https:\/\/api.w.org\/{rel}","templated":true}]}}