{"id":51629,"date":"2024-04-19T01:09:00","date_gmt":"2024-04-19T04:09:00","guid":{"rendered":"https:\/\/panoramadelsur.com.ar\/?p=51629"},"modified":"2024-04-18T21:03:18","modified_gmt":"2024-04-19T00:03:18","slug":"yael-falcon-perez-sera-el-arbitro-del-superclasico-de-los-cuartos-de-final-de-la-copa-de-la-liga","status":"publish","type":"post","link":"https:\/\/panoramadelsur.com.ar\/?p=51629","title":{"rendered":"YAEL FALC\u00d3N P\u00c9REZ SER\u00c1 EL \u00c1RBITRO DEL SUPERCL\u00c1SICO DE LOS CUARTOS DE FINAL DE LA COPA DE LA LIGA"},"content":{"rendered":"\n<p class=\"wp-block-paragraph\">La Asociaci\u00f3n del F\u00fatbol Argentino (AFA) design\u00f3 a Yael Falc\u00f3n P\u00e9rez como el arbitro designado para el Supercl\u00e1sico del domingo entre Boca y River, en C\u00f3rdoba, por los cuartos de final de la Copa de la Liga Profesional.<\/p>\n\n\n\n<p class=\"wp-block-paragraph\">Tras lo que fue la clasificaci\u00f3n a los playoffs de los Grupos A y B del certamen, la AFA dio a conocer qui\u00e9nes ser\u00e1n las autoridades de los cuatro encuentros de cuartos de final de la Copa de la Liga y Yael Falc\u00f3n P\u00e9rez fue designado como el \u00e1rbitro principal para el Supercl\u00e1sico entre Boca y River.<\/p>\n\n\n\n<p class=\"wp-block-paragraph\">El \u00e1rbitro de 35 a\u00f1os, que dirigir\u00e1 su segundo cl\u00e1sico consecutivo debido a que dirigi\u00f3 el \u00faltimo Supercl\u00e1sico por la fase regular, estar\u00e1 acompa\u00f1ado por Juan Pablo Belatti y Miguel Savorani como asistentes, Jorge Bali\u00f1o y Lucas Novelli estar\u00e1n a cargo del VAR mientras que Pablo Echavarria y Cristi\u00e1n Navarro ser\u00e1n el cuarto y quinto \u00e1rbitro, respectivamente.<\/p>\n\n\n\n<p class=\"wp-block-paragraph\">Falc\u00f3n P\u00e9rez, que debut\u00f3 en 2017 como refer\u00ed profesional, dirigi\u00f3 11 veces a Boca y a River durante lo que va de su carrera. Cuando imparti\u00f3 justicia con el \u201cXeneize\u201d, los de la Ribera ganaron cinco, empataron dos y perdieron cuatro mientras que, cuando lo hizo con el \u201cMillonario\u201d, los de N\u00fa\u00f1ez vencieron en seis ocasiones, igualaron en dos y cayeron en tres.<\/p>\n\n\n\n<p class=\"wp-block-paragraph\">El \u00faltimo partido que el \u00e1rbitro bonaerense dirigi\u00f3 a Boca fue, justamente, el Supercl\u00e1sico de la s\u00e9ptima fecha de la corriente Copa de la Liga que termin\u00f3 1-1 en el estadio Monumental a fines de febrero. Por su parte, la \u00faltima vez que imparti\u00f3 justicia en un encuentro de River fue en la Supercopa Argentina que los de Mart\u00edn Demichelis le ganaron a Estudiantes de La Plata el pasado 14 de marzo.<\/p>\n\n\n\n<p class=\"wp-block-paragraph\">En cuanto a los otros cruces de cuartos de final, Andr\u00e9s Merlos dirigir\u00e1 Argentinos Juniors-Defensa y Justicia, Dar\u00edo Herrera impartir\u00e1 justicia en Estudiantes de La Plata-Barracas Central y Sebasti\u00e1n Zunino har\u00e1 lo propio en Godoy Cruz de Mendoza-V\u00e9lez.<\/p>\n","protected":false},"excerpt":{"rendered":"<p>La Asociaci\u00f3n<\/p>\n","protected":false},"author":1,"featured_media":51630,"comment_status":"closed","ping_status":"closed","sticky":false,"template":"","format":"standard","meta":{"footnotes":""},"categories":[6],"tags":[22],"class_list":["post-51629","post","type-post","status-publish","format-standard","has-post-thumbnail","hentry","category-deportes","tag-futbol"],"_links":{"self":[{"href":"https:\/\/panoramadelsur.com.ar\/index.php?rest_route=\/wp\/v2\/posts\/51629","targetHints":{"allow":["GET"]}}],"collection":[{"href":"https:\/\/panoramadelsur.com.ar\/index.php?rest_route=\/wp\/v2\/posts"}],"about":[{"href":"https:\/\/panoramadelsur.com.ar\/index.php?rest_route=\/wp\/v2\/types\/post"}],"author":[{"embeddable":true,"href":"https:\/\/panoramadelsur.com.ar\/index.php?rest_route=\/wp\/v2\/users\/1"}],"replies":[{"embeddable":true,"href":"https:\/\/panoramadelsur.com.ar\/index.php?rest_route=%2Fwp%2Fv2%2Fcomments&post=51629"}],"version-history":[{"count":1,"href":"https:\/\/panoramadelsur.com.ar\/index.php?rest_route=\/wp\/v2\/posts\/51629\/revisions"}],"predecessor-version":[{"id":51631,"href":"https:\/\/panoramadelsur.com.ar\/index.php?rest_route=\/wp\/v2\/posts\/51629\/revisions\/51631"}],"wp:featuredmedia":[{"embeddable":true,"href":"https:\/\/panoramadelsur.com.ar\/index.php?rest_route=\/wp\/v2\/media\/51630"}],"wp:attachment":[{"href":"https:\/\/panoramadelsur.com.ar\/index.php?rest_route=%2Fwp%2Fv2%2Fmedia&parent=51629"}],"wp:term":[{"taxonomy":"category","embeddable":true,"href":"https:\/\/panoramadelsur.com.ar\/index.php?rest_route=%2Fwp%2Fv2%2Fcategories&post=51629"},{"taxonomy":"post_tag","embeddable":true,"href":"https:\/\/panoramadelsur.com.ar\/index.php?rest_route=%2Fwp%2Fv2%2Ftags&post=51629"}],"curies":[{"name":"wp","href":"https:\/\/api.w.org\/{rel}","templated":true}]}}