{"id":51712,"date":"2024-04-24T01:05:00","date_gmt":"2024-04-24T04:05:00","guid":{"rendered":"https:\/\/panoramadelsur.com.ar\/?p=51712"},"modified":"2024-04-21T19:08:35","modified_gmt":"2024-04-21T22:08:35","slug":"alfabetizacion-digital-para-personas-de-la-tercera-edad-en-varela","status":"publish","type":"post","link":"https:\/\/panoramadelsur.com.ar\/?p=51712","title":{"rendered":"ALFABETIZACI\u00d3N DIGITAL PARA PERSONAS DE LA TERCERA EDAD EN VARELA"},"content":{"rendered":"\n<p>Una propuesta dise\u00f1ada por el gobierno varelense para divulgar entre adultos y adultas mayores diferentes herramientas vinculadas al uso de las nuevas tecnol\u00f3gicas a fin de prevenir estafas virtuales.<\/p>\n\n\n\n<p>Programan dos jornadas consecutivas, los jueves 25 de abril y 2 de mayo, de 9.30 a 11 hs. en el Centro de Educaci\u00f3n Integral Municipal N\u00ba2 -ubicado en calle Posadas N\u00ba3100 esquina V\u00e9lez Sarsfield, barrio La Pileta-.<\/p>\n\n\n\n<p>\u201cEs una iniciativa con acceso libre y gratuito. Podr\u00e1n acercarse directamente los d\u00edas indicados, sin necesidad de inscripci\u00f3n previa\u201d, refiere el coordinador de la actividad -Mariano Dom\u00ednguez-.<\/p>\n\n\n\n<p>\u201cEl taller est\u00e1 orientado a conocimientos tanto te\u00f3ricos como pr\u00e1cticos donde tratar distintas modalidades de fraudes mediante correos electr\u00f3nicos, aplicaciones de celulares e incluso a trav\u00e9s de tel\u00e9fonos de l\u00ednea\u201d, repasa el docente.<\/p>\n","protected":false},"excerpt":{"rendered":"<p>Una propuesta<\/p>\n","protected":false},"author":1,"featured_media":51713,"comment_status":"closed","ping_status":"closed","sticky":false,"template":"","format":"standard","meta":{"footnotes":""},"categories":[3],"tags":[30],"class_list":["post-51712","post","type-post","status-publish","format-standard","has-post-thumbnail","hentry","category-regionales","tag-varela"],"_links":{"self":[{"href":"https:\/\/panoramadelsur.com.ar\/index.php?rest_route=\/wp\/v2\/posts\/51712","targetHints":{"allow":["GET"]}}],"collection":[{"href":"https:\/\/panoramadelsur.com.ar\/index.php?rest_route=\/wp\/v2\/posts"}],"about":[{"href":"https:\/\/panoramadelsur.com.ar\/index.php?rest_route=\/wp\/v2\/types\/post"}],"author":[{"embeddable":true,"href":"https:\/\/panoramadelsur.com.ar\/index.php?rest_route=\/wp\/v2\/users\/1"}],"replies":[{"embeddable":true,"href":"https:\/\/panoramadelsur.com.ar\/index.php?rest_route=%2Fwp%2Fv2%2Fcomments&post=51712"}],"version-history":[{"count":1,"href":"https:\/\/panoramadelsur.com.ar\/index.php?rest_route=\/wp\/v2\/posts\/51712\/revisions"}],"predecessor-version":[{"id":51714,"href":"https:\/\/panoramadelsur.com.ar\/index.php?rest_route=\/wp\/v2\/posts\/51712\/revisions\/51714"}],"wp:featuredmedia":[{"embeddable":true,"href":"https:\/\/panoramadelsur.com.ar\/index.php?rest_route=\/wp\/v2\/media\/51713"}],"wp:attachment":[{"href":"https:\/\/panoramadelsur.com.ar\/index.php?rest_route=%2Fwp%2Fv2%2Fmedia&parent=51712"}],"wp:term":[{"taxonomy":"category","embeddable":true,"href":"https:\/\/panoramadelsur.com.ar\/index.php?rest_route=%2Fwp%2Fv2%2Fcategories&post=51712"},{"taxonomy":"post_tag","embeddable":true,"href":"https:\/\/panoramadelsur.com.ar\/index.php?rest_route=%2Fwp%2Fv2%2Ftags&post=51712"}],"curies":[{"name":"wp","href":"https:\/\/api.w.org\/{rel}","templated":true}]}}