{"id":51733,"date":"2024-04-26T01:09:00","date_gmt":"2024-04-26T04:09:00","guid":{"rendered":"https:\/\/panoramadelsur.com.ar\/?p=51733"},"modified":"2024-04-21T21:26:24","modified_gmt":"2024-04-22T00:26:24","slug":"unq-curso-edicion-basica-de-video-y-podcast-educativo-para-docentes","status":"publish","type":"post","link":"https:\/\/panoramadelsur.com.ar\/?p=51733","title":{"rendered":"UNQ: CURSO EDICI\u00d3N B\u00c1SICA DE VIDEO Y PODCAST EDUCATIVO PARA DOCENTES"},"content":{"rendered":"\n<p>La Universidad Nacional de Quilmes (UNQ) presenta el curso\u00a0Edici\u00f3n b\u00e1sica de video y podcast educativo\u00a0en el marco de la X Escuela Virtual Internacional AULA CAVILA. La misma est\u00e1 constituida por una oferta de cursos cortos para docentes universitarios totalmente a distancia desarrollados por universidades iberoamericanas que integran la red.<\/p>\n\n\n\n<h2 class=\"wp-block-heading\">Descripci\u00f3n<\/h2>\n\n\n\n<p>La presentaci\u00f3n de contenidos para clases virtuales de la clase de forma entretenida es cada vez m\u00e1s simple con aplicaciones gratuitas disponibles que requieren poco entrenamiento para su utilizaci\u00f3n. En este curso veremos la utilizaci\u00f3n concreta de herramientas para iniciarnos en la creaci\u00f3n y edici\u00f3n b\u00e1sica de videos y generar podcasts educativos para las clases en el aula virtual.<\/p>\n\n\n\n<p><strong>Duraci\u00f3n del curso:&nbsp;<\/strong>5 semanas<\/p>\n\n\n\n<p><strong>Carga horaria total:<\/strong>&nbsp;30 horas<\/p>\n\n\n\n<p>Se entregan certificados digitales de aprobaci\u00f3n<\/p>\n\n\n\n<p><strong>Inicio del curso:&nbsp;<\/strong>30\/04\/24, 18 horas -Argentina- (\u00fanico encuentro virtual sincr\u00f3nico)<\/p>\n\n\n\n<p><strong>Finalizaci\u00f3n del curso:&nbsp;<\/strong>28\/05\/24.<\/p>\n\n\n\n<p><strong>Docente:&nbsp;<\/strong>N\u00e9stor Gonz\u00e1lez<\/p>\n\n\n\n<p><strong>Destinatarios:<\/strong><\/p>\n\n\n\n<p>Docentes Universitarios pertenecientes a las instituciones que conforman&nbsp;<a href=\"https:\/\/www.cavila.org\/web\/miembros\">CAVILA<\/a>.<\/p>\n\n\n\n<p><strong>Preinscripci\u00f3n:<\/strong>&nbsp;desde el 16\/04\/24 hasta el 22\/04\/24 inclusive \u2013 Preinscripci\u00f3n gratuita.<\/p>\n\n\n\n<p>El curso es sin arancel y con vacantes limitadas por instituci\u00f3n perteneciente a&nbsp;<a href=\"https:\/\/www.cavila.org\/web\/miembros\">CAVILA<\/a>.<\/p>\n","protected":false},"excerpt":{"rendered":"<p>La Universidad<\/p>\n","protected":false},"author":1,"featured_media":51734,"comment_status":"closed","ping_status":"closed","sticky":false,"template":"","format":"standard","meta":{"footnotes":""},"categories":[2],"tags":[17],"class_list":["post-51733","post","type-post","status-publish","format-standard","has-post-thumbnail","hentry","category-quilmes","tag-quilmes"],"_links":{"self":[{"href":"https:\/\/panoramadelsur.com.ar\/index.php?rest_route=\/wp\/v2\/posts\/51733","targetHints":{"allow":["GET"]}}],"collection":[{"href":"https:\/\/panoramadelsur.com.ar\/index.php?rest_route=\/wp\/v2\/posts"}],"about":[{"href":"https:\/\/panoramadelsur.com.ar\/index.php?rest_route=\/wp\/v2\/types\/post"}],"author":[{"embeddable":true,"href":"https:\/\/panoramadelsur.com.ar\/index.php?rest_route=\/wp\/v2\/users\/1"}],"replies":[{"embeddable":true,"href":"https:\/\/panoramadelsur.com.ar\/index.php?rest_route=%2Fwp%2Fv2%2Fcomments&post=51733"}],"version-history":[{"count":1,"href":"https:\/\/panoramadelsur.com.ar\/index.php?rest_route=\/wp\/v2\/posts\/51733\/revisions"}],"predecessor-version":[{"id":51735,"href":"https:\/\/panoramadelsur.com.ar\/index.php?rest_route=\/wp\/v2\/posts\/51733\/revisions\/51735"}],"wp:featuredmedia":[{"embeddable":true,"href":"https:\/\/panoramadelsur.com.ar\/index.php?rest_route=\/wp\/v2\/media\/51734"}],"wp:attachment":[{"href":"https:\/\/panoramadelsur.com.ar\/index.php?rest_route=%2Fwp%2Fv2%2Fmedia&parent=51733"}],"wp:term":[{"taxonomy":"category","embeddable":true,"href":"https:\/\/panoramadelsur.com.ar\/index.php?rest_route=%2Fwp%2Fv2%2Fcategories&post=51733"},{"taxonomy":"post_tag","embeddable":true,"href":"https:\/\/panoramadelsur.com.ar\/index.php?rest_route=%2Fwp%2Fv2%2Ftags&post=51733"}],"curies":[{"name":"wp","href":"https:\/\/api.w.org\/{rel}","templated":true}]}}