{"id":51962,"date":"2024-05-14T01:06:00","date_gmt":"2024-05-14T04:06:00","guid":{"rendered":"https:\/\/panoramadelsur.com.ar\/?p=51962"},"modified":"2024-05-09T23:00:40","modified_gmt":"2024-05-10T02:00:40","slug":"avanza-la-extension-cloacal-en-los-barrios-sarmiento-y-san-marcos","status":"publish","type":"post","link":"https:\/\/panoramadelsur.com.ar\/?p=51962","title":{"rendered":"AVANZA LA EXTENSI\u00d3N CLOACAL EN LOS BARRIOS SARMIENTO Y SAN MARCOS"},"content":{"rendered":"\n<p class=\"wp-block-paragraph\">Avanzan las obras de extensi\u00f3n de desag\u00fce cloacal en la localidad de Hudson. Los trabajos corresponden a la Zona 1, que contempla los barrios Sarmiento y San Marcos, y benefician a m\u00e1s de 3500 vecinos. Las obras fueron gestionadas por el intendente de Berazategui, Juan Jos\u00e9 Mussi, ante el Gobierno provincial. Su avance actual es del 85%.<\/p>\n\n\n\n<p class=\"wp-block-paragraph\">En este sentido, el secretario municipal de Servicios P\u00fablicos, Sergio Faccenda, inform\u00f3: \u00abEsta obra ya lleva m\u00e1s de 9 mil metros lineales de cloacas y m\u00e1s de 1700 conexiones. La red cloacal es algo que los vecinos siempre nos demandan. Por eso, entendemos que estos trabajos son necesarios, con los Estados provincial y municipal presentes y garantizando la infraestructura necesaria para mejorar la vida cotidiana de los vecinos y vecinas\u00bb.<\/p>\n\n\n\n<p class=\"wp-block-paragraph\">\u00abLas obras est\u00e1n dentro de un proyecto que le enviamos al Gobierno provincial, que contempla m\u00e1s zonas: San Blas, El Rinc\u00f3n, Sourigues, Kennedy Norte y Sur, El Cicl\u00f3n, La Coquita y El Mirador. Este fue un pedido que hizo el intendente Mussi y que el gobernador Axel Kicillof aprob\u00f3, porque las consider\u00f3 prioritarias para mejorar el servicio a los vecinos\u00bb, concluy\u00f3 Faccenda.<\/p>\n","protected":false},"excerpt":{"rendered":"<p>Avanzan las<\/p>\n","protected":false},"author":1,"featured_media":51963,"comment_status":"closed","ping_status":"closed","sticky":false,"template":"","format":"standard","meta":{"footnotes":""},"categories":[3],"tags":[40],"class_list":["post-51962","post","type-post","status-publish","format-standard","has-post-thumbnail","hentry","category-regionales","tag-berazategui"],"_links":{"self":[{"href":"https:\/\/panoramadelsur.com.ar\/index.php?rest_route=\/wp\/v2\/posts\/51962","targetHints":{"allow":["GET"]}}],"collection":[{"href":"https:\/\/panoramadelsur.com.ar\/index.php?rest_route=\/wp\/v2\/posts"}],"about":[{"href":"https:\/\/panoramadelsur.com.ar\/index.php?rest_route=\/wp\/v2\/types\/post"}],"author":[{"embeddable":true,"href":"https:\/\/panoramadelsur.com.ar\/index.php?rest_route=\/wp\/v2\/users\/1"}],"replies":[{"embeddable":true,"href":"https:\/\/panoramadelsur.com.ar\/index.php?rest_route=%2Fwp%2Fv2%2Fcomments&post=51962"}],"version-history":[{"count":1,"href":"https:\/\/panoramadelsur.com.ar\/index.php?rest_route=\/wp\/v2\/posts\/51962\/revisions"}],"predecessor-version":[{"id":51964,"href":"https:\/\/panoramadelsur.com.ar\/index.php?rest_route=\/wp\/v2\/posts\/51962\/revisions\/51964"}],"wp:featuredmedia":[{"embeddable":true,"href":"https:\/\/panoramadelsur.com.ar\/index.php?rest_route=\/wp\/v2\/media\/51963"}],"wp:attachment":[{"href":"https:\/\/panoramadelsur.com.ar\/index.php?rest_route=%2Fwp%2Fv2%2Fmedia&parent=51962"}],"wp:term":[{"taxonomy":"category","embeddable":true,"href":"https:\/\/panoramadelsur.com.ar\/index.php?rest_route=%2Fwp%2Fv2%2Fcategories&post=51962"},{"taxonomy":"post_tag","embeddable":true,"href":"https:\/\/panoramadelsur.com.ar\/index.php?rest_route=%2Fwp%2Fv2%2Ftags&post=51962"}],"curies":[{"name":"wp","href":"https:\/\/api.w.org\/{rel}","templated":true}]}}