{"id":5201,"date":"2021-06-03T01:06:00","date_gmt":"2021-06-03T04:06:00","guid":{"rendered":"http:\/\/panoramadelsur.com.ar\/?p=5201"},"modified":"2021-06-03T03:25:23","modified_gmt":"2021-06-03T06:25:23","slug":"recorrida-por-obras-en-el-club-solano-juventud-unida","status":"publish","type":"post","link":"https:\/\/panoramadelsur.com.ar\/?p=5201","title":{"rendered":"Recorrida por obras en el club Solano Juventud Unida"},"content":{"rendered":"\n<p class=\"wp-block-paragraph\"><strong>El presidente de la Uni\u00f3n Nacional de Clubes de Barrio, filial Quilmes, Diego Indycki, recorri\u00f3 esta semana las obras de puesta en valor y refacciones de la sede del club Solano Juventud Unida.<\/strong><\/p>\n\n\n\n<p class=\"wp-block-paragraph\"><strong>\u201cEs una satisfacci\u00f3n ver las obras realizadas, que fueron realizadas por trabajadores y trabajadoras de la zona gracias al trabajo conjunto de la UNCB con el Ministerio de Desarrollo Social de la Naci\u00f3n, por intermedio de la subsecretar\u00eda encabezada por el compa\u00f1ero Daniel \u201cChuky\u201d Men\u00e9ndez\u201d, asegur\u00f3 Indycki y agreg\u00f3 que \u201ceste programa de formaci\u00f3n y capacitaci\u00f3n que iniciamos a fines del a\u00f1o pasado nos permiti\u00f3 llegar a m\u00e1s de 20 instituciones de la provincia de Buenos Aires. Es el primer paso de un camino que nos va a permitir atender las problem\u00e1ticas m\u00e1s urgentes y tambi\u00e9n aquellas que requieren una planificaci\u00f3n y acci\u00f3n a mediano y largo plazo, como es la formaci\u00f3n, la capacitaci\u00f3n y el aprendizaje de oficios que brinden las herramientas para insertarse en el mercado laboral o generar empleo\u201d.<\/strong><\/p>\n\n\n\n<p class=\"wp-block-paragraph\"><strong>Participaron de la recorrida de obras, la presidenta del club Solano Juventud Unida, Celina Romero, el vicepresidente de la instituci\u00f3n, Domingo Ch\u00e1vez, y el responsable de la obra, Ra\u00fal Molnar.&nbsp;<\/strong><\/p>\n","protected":false},"excerpt":{"rendered":"<p>El presidente<\/p>\n","protected":false},"author":1,"featured_media":39574,"comment_status":"open","ping_status":"open","sticky":false,"template":"","format":"standard","meta":{"footnotes":""},"categories":[2],"tags":[],"class_list":["post-5201","post","type-post","status-publish","format-standard","has-post-thumbnail","hentry","category-quilmes"],"_links":{"self":[{"href":"https:\/\/panoramadelsur.com.ar\/index.php?rest_route=\/wp\/v2\/posts\/5201","targetHints":{"allow":["GET"]}}],"collection":[{"href":"https:\/\/panoramadelsur.com.ar\/index.php?rest_route=\/wp\/v2\/posts"}],"about":[{"href":"https:\/\/panoramadelsur.com.ar\/index.php?rest_route=\/wp\/v2\/types\/post"}],"author":[{"embeddable":true,"href":"https:\/\/panoramadelsur.com.ar\/index.php?rest_route=\/wp\/v2\/users\/1"}],"replies":[{"embeddable":true,"href":"https:\/\/panoramadelsur.com.ar\/index.php?rest_route=%2Fwp%2Fv2%2Fcomments&post=5201"}],"version-history":[{"count":1,"href":"https:\/\/panoramadelsur.com.ar\/index.php?rest_route=\/wp\/v2\/posts\/5201\/revisions"}],"predecessor-version":[{"id":5204,"href":"https:\/\/panoramadelsur.com.ar\/index.php?rest_route=\/wp\/v2\/posts\/5201\/revisions\/5204"}],"wp:featuredmedia":[{"embeddable":true,"href":"https:\/\/panoramadelsur.com.ar\/index.php?rest_route=\/wp\/v2\/media\/39574"}],"wp:attachment":[{"href":"https:\/\/panoramadelsur.com.ar\/index.php?rest_route=%2Fwp%2Fv2%2Fmedia&parent=5201"}],"wp:term":[{"taxonomy":"category","embeddable":true,"href":"https:\/\/panoramadelsur.com.ar\/index.php?rest_route=%2Fwp%2Fv2%2Fcategories&post=5201"},{"taxonomy":"post_tag","embeddable":true,"href":"https:\/\/panoramadelsur.com.ar\/index.php?rest_route=%2Fwp%2Fv2%2Ftags&post=5201"}],"curies":[{"name":"wp","href":"https:\/\/api.w.org\/{rel}","templated":true}]}}