{"id":5205,"date":"2021-06-03T01:06:00","date_gmt":"2021-06-03T04:06:00","guid":{"rendered":"http:\/\/panoramadelsur.com.ar\/?p=5205"},"modified":"2021-06-03T03:38:57","modified_gmt":"2021-06-03T06:38:57","slug":"berazategui-continua-la-renovacion-del-complejo-cultural-la-humanitaria","status":"publish","type":"post","link":"https:\/\/panoramadelsur.com.ar\/?p=5205","title":{"rendered":"Berazategui: Contin\u00faa la renovaci\u00f3n del Complejo Cultural \u00abLa Humanitaria\u00bb"},"content":{"rendered":"\n<p class=\"wp-block-paragraph\"><strong>La Municipalidad de Berazategui -a trav\u00e9s de la Secretar\u00eda de Cultura y Educaci\u00f3n- sigue enriqueciendo el distrito con la creaci\u00f3n y renovaci\u00f3n de espacios como el Complejo Cultural La Humanitaria, donde se dise\u00f1\u00f3 una puesta en valor del inmueble que respete el patrimonio hist\u00f3rico local.<\/strong><\/p>\n\n\n\n<p class=\"wp-block-paragraph\">El secretario de Cultura y Educaci\u00f3n, Federico L\u00f3pez, inform\u00f3: \u201cEl Municipio avanza sobre la puesta en valor de este edificio de m\u00e1s de 100 a\u00f1os. Se trata del futuro Centro C\u00edvico de la zona Hudson-Pl\u00e1tanos, una Sociedad de Socorros Mutuos de Berazategui que nos abri\u00f3 las puertas para funcionar como Complejo Cultural y sede del \u00e1rea de Arte P\u00fablico. Lo entendemos como una instituci\u00f3n de orientaci\u00f3n social y cultural hacia la comunidad\u201d.<\/p>\n\n\n\n<p class=\"wp-block-paragraph\">Gracias al trabajo que realizan los beneficiarios del Programa \u201cPotenciar Trabajo\u201d, dependiente de la Secretar\u00eda de Organizaciones No Gubernamentales (ONG), se construyeron all\u00ed tres salones de arte p\u00fablico, dos aulas de teatro, sanitarios y un bar con su propia terraza, p\u00e9rgola y salida hacia la calle, para que todo el barrio pueda disfrutarlo. La interacci\u00f3n con el entorno es una cualidad que distinguir\u00e1 a este espacio renovado.<\/p>\n\n\n\n<p class=\"wp-block-paragraph\">\u201cLas obras respetan el patrimonio hist\u00f3rico y la m\u00edstica de este espacio fundado en 1899. Y pensamos que este es un modelo que podr\u00e1 replicarse en otras ciudades, con un funcionamiento diario que incorpore a todas las dependencias municipales\u201d, asegur\u00f3 L\u00f3pez.<\/p>\n","protected":false},"excerpt":{"rendered":"<p>La Municipalidad<\/p>\n","protected":false},"author":1,"featured_media":39574,"comment_status":"open","ping_status":"open","sticky":false,"template":"","format":"standard","meta":{"footnotes":""},"categories":[3],"tags":[],"class_list":["post-5205","post","type-post","status-publish","format-standard","has-post-thumbnail","hentry","category-regionales"],"_links":{"self":[{"href":"https:\/\/panoramadelsur.com.ar\/index.php?rest_route=\/wp\/v2\/posts\/5205","targetHints":{"allow":["GET"]}}],"collection":[{"href":"https:\/\/panoramadelsur.com.ar\/index.php?rest_route=\/wp\/v2\/posts"}],"about":[{"href":"https:\/\/panoramadelsur.com.ar\/index.php?rest_route=\/wp\/v2\/types\/post"}],"author":[{"embeddable":true,"href":"https:\/\/panoramadelsur.com.ar\/index.php?rest_route=\/wp\/v2\/users\/1"}],"replies":[{"embeddable":true,"href":"https:\/\/panoramadelsur.com.ar\/index.php?rest_route=%2Fwp%2Fv2%2Fcomments&post=5205"}],"version-history":[{"count":1,"href":"https:\/\/panoramadelsur.com.ar\/index.php?rest_route=\/wp\/v2\/posts\/5205\/revisions"}],"predecessor-version":[{"id":5208,"href":"https:\/\/panoramadelsur.com.ar\/index.php?rest_route=\/wp\/v2\/posts\/5205\/revisions\/5208"}],"wp:featuredmedia":[{"embeddable":true,"href":"https:\/\/panoramadelsur.com.ar\/index.php?rest_route=\/wp\/v2\/media\/39574"}],"wp:attachment":[{"href":"https:\/\/panoramadelsur.com.ar\/index.php?rest_route=%2Fwp%2Fv2%2Fmedia&parent=5205"}],"wp:term":[{"taxonomy":"category","embeddable":true,"href":"https:\/\/panoramadelsur.com.ar\/index.php?rest_route=%2Fwp%2Fv2%2Fcategories&post=5205"},{"taxonomy":"post_tag","embeddable":true,"href":"https:\/\/panoramadelsur.com.ar\/index.php?rest_route=%2Fwp%2Fv2%2Ftags&post=5205"}],"curies":[{"name":"wp","href":"https:\/\/api.w.org\/{rel}","templated":true}]}}