{"id":52058,"date":"2024-05-14T01:05:00","date_gmt":"2024-05-14T04:05:00","guid":{"rendered":"https:\/\/panoramadelsur.com.ar\/?p=52058"},"modified":"2024-05-13T19:47:23","modified_gmt":"2024-05-13T22:47:23","slug":"anillo-digital-en-varela-vehiculo-robado-e-incautado-en-24-horas","status":"publish","type":"post","link":"https:\/\/panoramadelsur.com.ar\/?p=52058","title":{"rendered":"ANILLO DIGITAL EN VARELA: VEH\u00cdCULO ROBADO E INCAUTADO EN 24 HORAS"},"content":{"rendered":"\n<p class=\"wp-block-paragraph\">Un auto con pedido de secuestro activo por hurto denunciado en Berazategui el 11 de mayo fue detectado por el sistema para identificar patentes en Ricardo Rojas el domingo 12.<\/p>\n\n\n\n<p class=\"wp-block-paragraph\">Operadores en el Centro de Monitoreo Municipal tomaron la alerta y proporcionaron a las fuerzas de seguridad en el distrito las caracter\u00edsticas de la unidad e iniciaron el seguimiento por los domos ubicados en la regi\u00f3n.<\/p>\n\n\n\n<p class=\"wp-block-paragraph\">Efectivos policiales interceptaron a la Volkswagen Saveiro color gris en calle 101 esquina 4 del vecino partido tras una breve persecuci\u00f3n ocasionada porque el conductor de la camioneta inici\u00f3 sin \u00e9xito su fuga.<\/p>\n\n\n\n<p class=\"wp-block-paragraph\">Los agentes requisaron el rodado en el lugar: encontraron un arma de fuego calibre 32 en su interior. Tanto la pistola como el utilitario fueron decomisados. El masculino, aprehendido y trasladado a dependencia jurisdiccional correspondiente, a disposici\u00f3n de la Justicia.<\/p>\n","protected":false},"excerpt":{"rendered":"<p>Un auto<\/p>\n","protected":false},"author":1,"featured_media":52059,"comment_status":"closed","ping_status":"closed","sticky":false,"template":"","format":"standard","meta":{"footnotes":""},"categories":[3],"tags":[30],"class_list":["post-52058","post","type-post","status-publish","format-standard","has-post-thumbnail","hentry","category-regionales","tag-varela"],"_links":{"self":[{"href":"https:\/\/panoramadelsur.com.ar\/index.php?rest_route=\/wp\/v2\/posts\/52058","targetHints":{"allow":["GET"]}}],"collection":[{"href":"https:\/\/panoramadelsur.com.ar\/index.php?rest_route=\/wp\/v2\/posts"}],"about":[{"href":"https:\/\/panoramadelsur.com.ar\/index.php?rest_route=\/wp\/v2\/types\/post"}],"author":[{"embeddable":true,"href":"https:\/\/panoramadelsur.com.ar\/index.php?rest_route=\/wp\/v2\/users\/1"}],"replies":[{"embeddable":true,"href":"https:\/\/panoramadelsur.com.ar\/index.php?rest_route=%2Fwp%2Fv2%2Fcomments&post=52058"}],"version-history":[{"count":1,"href":"https:\/\/panoramadelsur.com.ar\/index.php?rest_route=\/wp\/v2\/posts\/52058\/revisions"}],"predecessor-version":[{"id":52060,"href":"https:\/\/panoramadelsur.com.ar\/index.php?rest_route=\/wp\/v2\/posts\/52058\/revisions\/52060"}],"wp:featuredmedia":[{"embeddable":true,"href":"https:\/\/panoramadelsur.com.ar\/index.php?rest_route=\/wp\/v2\/media\/52059"}],"wp:attachment":[{"href":"https:\/\/panoramadelsur.com.ar\/index.php?rest_route=%2Fwp%2Fv2%2Fmedia&parent=52058"}],"wp:term":[{"taxonomy":"category","embeddable":true,"href":"https:\/\/panoramadelsur.com.ar\/index.php?rest_route=%2Fwp%2Fv2%2Fcategories&post=52058"},{"taxonomy":"post_tag","embeddable":true,"href":"https:\/\/panoramadelsur.com.ar\/index.php?rest_route=%2Fwp%2Fv2%2Ftags&post=52058"}],"curies":[{"name":"wp","href":"https:\/\/api.w.org\/{rel}","templated":true}]}}