{"id":52073,"date":"2024-05-14T01:02:00","date_gmt":"2024-05-14T04:02:00","guid":{"rendered":"https:\/\/panoramadelsur.com.ar\/?p=52073"},"modified":"2024-05-13T20:40:13","modified_gmt":"2024-05-13T23:40:13","slug":"varela-asesorias-gratuitas-sobre-comercio-exterior","status":"publish","type":"post","link":"https:\/\/panoramadelsur.com.ar\/?p=52073","title":{"rendered":"VARELA: ASESOR\u00cdAS GRATUITAS SOBRE COMERCIO EXTERIOR"},"content":{"rendered":"\n<p class=\"wp-block-paragraph\">La iniciativa, impulsada a partir de la coordinaci\u00f3n entre el gobierno municipal con el provincial, est\u00e1 destinada a empresas locales exportadoras o que deseen iniciar ese camino.<\/p>\n\n\n\n<p class=\"wp-block-paragraph\">El programa de asistencia t\u00e9cnica ofrece sin costo el asesoramiento de profesionales para elaborar, seg\u00fan las caracter\u00edsticas de cada negocio: diagn\u00f3stico de la compa\u00f1\u00eda y productos, c\u00e1lculo del precio FOB -Libre a Bordo-, definici\u00f3n de dos destinos estrat\u00e9gicos, estudio de mercado m\u00e1s plan de exportaci\u00f3n.<\/p>\n\n\n\n<p class=\"wp-block-paragraph\">Respecto a la propuesta, la subsecretaria de Industria, Inversiones y Competitividad PyME -Anal\u00eda Aguirre Luro-&nbsp;remarca \u201cla labor articulada de la Comuna con la administraci\u00f3n bonaerense a fin de potenciar el desarrollo en comercio exterior de las peque\u00f1as y medianas firmas del distrito\u201d.<\/p>\n\n\n\n<p class=\"wp-block-paragraph\">Para inscribirse, completar el siguiente formulario:<\/p>\n\n\n\n<figure class=\"wp-block-embed\"><div class=\"wp-block-embed__wrapper\">\nhttps:\/\/docs.google.com\/forms\/d\/e\/1FAIpQLScI9PMKOwDLmXfnpt5rvSHHHEB7lD3rc5SUzfb79YVAWLvUuQ\/viewform\n<\/div><\/figure>\n","protected":false},"excerpt":{"rendered":"<p>La iniciativa,<\/p>\n","protected":false},"author":1,"featured_media":52074,"comment_status":"closed","ping_status":"closed","sticky":false,"template":"","format":"standard","meta":{"footnotes":""},"categories":[8,3],"tags":[30],"class_list":["post-52073","post","type-post","status-publish","format-standard","has-post-thumbnail","hentry","category-para-agendar","category-regionales","tag-varela"],"_links":{"self":[{"href":"https:\/\/panoramadelsur.com.ar\/index.php?rest_route=\/wp\/v2\/posts\/52073","targetHints":{"allow":["GET"]}}],"collection":[{"href":"https:\/\/panoramadelsur.com.ar\/index.php?rest_route=\/wp\/v2\/posts"}],"about":[{"href":"https:\/\/panoramadelsur.com.ar\/index.php?rest_route=\/wp\/v2\/types\/post"}],"author":[{"embeddable":true,"href":"https:\/\/panoramadelsur.com.ar\/index.php?rest_route=\/wp\/v2\/users\/1"}],"replies":[{"embeddable":true,"href":"https:\/\/panoramadelsur.com.ar\/index.php?rest_route=%2Fwp%2Fv2%2Fcomments&post=52073"}],"version-history":[{"count":1,"href":"https:\/\/panoramadelsur.com.ar\/index.php?rest_route=\/wp\/v2\/posts\/52073\/revisions"}],"predecessor-version":[{"id":52075,"href":"https:\/\/panoramadelsur.com.ar\/index.php?rest_route=\/wp\/v2\/posts\/52073\/revisions\/52075"}],"wp:featuredmedia":[{"embeddable":true,"href":"https:\/\/panoramadelsur.com.ar\/index.php?rest_route=\/wp\/v2\/media\/52074"}],"wp:attachment":[{"href":"https:\/\/panoramadelsur.com.ar\/index.php?rest_route=%2Fwp%2Fv2%2Fmedia&parent=52073"}],"wp:term":[{"taxonomy":"category","embeddable":true,"href":"https:\/\/panoramadelsur.com.ar\/index.php?rest_route=%2Fwp%2Fv2%2Fcategories&post=52073"},{"taxonomy":"post_tag","embeddable":true,"href":"https:\/\/panoramadelsur.com.ar\/index.php?rest_route=%2Fwp%2Fv2%2Ftags&post=52073"}],"curies":[{"name":"wp","href":"https:\/\/api.w.org\/{rel}","templated":true}]}}