{"id":52092,"date":"2024-05-14T01:03:00","date_gmt":"2024-05-14T04:03:00","guid":{"rendered":"https:\/\/panoramadelsur.com.ar\/?p=52092"},"modified":"2024-05-13T21:31:20","modified_gmt":"2024-05-14T00:31:20","slug":"pymes-industriales-marcharan-al-senado-para-pedir-cambios-en-la-ley-bases","status":"publish","type":"post","link":"https:\/\/panoramadelsur.com.ar\/?p=52092","title":{"rendered":"PYMES INDUSTRIALES MARCHAR\u00c1N AL SENADO PARA PEDIR CAMBIOS EN LA LEY BASES"},"content":{"rendered":"\n<p class=\"wp-block-paragraph\">Industriales Pymes Argentinos (IPA) junto a un grupo de c\u00e1maras empresariales y representantes del sector, se movilizar\u00e1n al Senado de la Naci\u00f3n con el objetivo de que se modifique el R\u00e9gimen de Incentivo para Grandes Inversiones (RIGI), presente en la Ley Bases.<\/p>\n\n\n\n<p class=\"wp-block-paragraph\">La convocatoria ser\u00e1 el pr\u00f3ximo martes 14, a las 11 horas, en el marco de los debates que se realizan en la comisi\u00f3n de los proyectos que impulsa el Gobierno Nacional.<\/p>\n\n\n\n<p class=\"wp-block-paragraph\">\u201cPedimos a los senadores que nos reciban porque queremos ser escuchados. Los beneficios del RIGI son una competencia desleal e injusta pata todas las pymes industriales del pa\u00eds\u201d, explic\u00f3 el presidente de IPA, Daniel Rosato .<\/p>\n\n\n\n<p class=\"wp-block-paragraph\">Por otra parte, asever\u00f3 que continuar\u00e1n \u201crepitiendo hasta el cansancio\u201d que las pymes industriales \u201cpueden hacer un aporte sustancial a las principales soluciones que nuestro pa\u00eds necesita\u201d, sin embargo, necesitan ser competitivas y \u201cno pueden ser excluidas de este proyecto de ley\u00bb.<\/p>\n\n\n\n<p class=\"wp-block-paragraph\">\u201cNecesitamos un reflexi\u00f3n profunda y un an\u00e1lisis detallado de las consecuencias del RIGI, que no solo implica beneficios impositivos a los grandes capitales, sino tambi\u00e9n la posibilidad de importar y exportar con arancel cero, y hasta traer de afuera, en forma indiscriminada, bienes que perfectamente se pueden producir en el pa\u00eds, provocando el cierre de muchas pymes industriales y el cese de miles de trabajadores con formaci\u00f3n t\u00e9cnica de calidad\u201d, concluy\u00f3 Rosato.<\/p>\n\n\n\n<p class=\"wp-block-paragraph\">Las pymes industriales generan el 70% de la mano de obra de la Argentina por lo que piden \u201cque est\u00e9n contempladas en el RIGI\u201d porque, de lo contrario, \u201cse lo estar\u00eda desprotegiendo y promoviendo la desaparici\u00f3n de miles de empresas y de centenares de miles de puestos de trabajo\u201d.<\/p>\n","protected":false},"excerpt":{"rendered":"<p>Industriales Pymes<\/p>\n","protected":false},"author":1,"featured_media":52093,"comment_status":"closed","ping_status":"closed","sticky":false,"template":"","format":"standard","meta":{"footnotes":""},"categories":[4,8],"tags":[59],"class_list":["post-52092","post","type-post","status-publish","format-standard","has-post-thumbnail","hentry","category-nacionales","category-para-agendar","tag-nacionales"],"_links":{"self":[{"href":"https:\/\/panoramadelsur.com.ar\/index.php?rest_route=\/wp\/v2\/posts\/52092","targetHints":{"allow":["GET"]}}],"collection":[{"href":"https:\/\/panoramadelsur.com.ar\/index.php?rest_route=\/wp\/v2\/posts"}],"about":[{"href":"https:\/\/panoramadelsur.com.ar\/index.php?rest_route=\/wp\/v2\/types\/post"}],"author":[{"embeddable":true,"href":"https:\/\/panoramadelsur.com.ar\/index.php?rest_route=\/wp\/v2\/users\/1"}],"replies":[{"embeddable":true,"href":"https:\/\/panoramadelsur.com.ar\/index.php?rest_route=%2Fwp%2Fv2%2Fcomments&post=52092"}],"version-history":[{"count":1,"href":"https:\/\/panoramadelsur.com.ar\/index.php?rest_route=\/wp\/v2\/posts\/52092\/revisions"}],"predecessor-version":[{"id":52094,"href":"https:\/\/panoramadelsur.com.ar\/index.php?rest_route=\/wp\/v2\/posts\/52092\/revisions\/52094"}],"wp:featuredmedia":[{"embeddable":true,"href":"https:\/\/panoramadelsur.com.ar\/index.php?rest_route=\/wp\/v2\/media\/52093"}],"wp:attachment":[{"href":"https:\/\/panoramadelsur.com.ar\/index.php?rest_route=%2Fwp%2Fv2%2Fmedia&parent=52092"}],"wp:term":[{"taxonomy":"category","embeddable":true,"href":"https:\/\/panoramadelsur.com.ar\/index.php?rest_route=%2Fwp%2Fv2%2Fcategories&post=52092"},{"taxonomy":"post_tag","embeddable":true,"href":"https:\/\/panoramadelsur.com.ar\/index.php?rest_route=%2Fwp%2Fv2%2Ftags&post=52092"}],"curies":[{"name":"wp","href":"https:\/\/api.w.org\/{rel}","templated":true}]}}