{"id":52104,"date":"2024-05-14T01:08:00","date_gmt":"2024-05-14T04:08:00","guid":{"rendered":"https:\/\/panoramadelsur.com.ar\/?p=52104"},"modified":"2024-05-13T21:45:47","modified_gmt":"2024-05-14T00:45:47","slug":"independiente-acordo-la-renovacion-de-contrato-de-un-jugador-importante","status":"publish","type":"post","link":"https:\/\/panoramadelsur.com.ar\/?p=52104","title":{"rendered":"INDEPENDIENTE ACORD\u00d3 LA RENOVACI\u00d3N DE CONTRATO DE UN JUGADOR IMPORTANTE"},"content":{"rendered":"\n<p class=\"wp-block-paragraph\">Independiente lleg\u00f3 a un acuerdo con el arquero titular, Rodrigo Rey, para renovar su contrato que venc\u00eda en diciembre y extenderlo por dos a\u00f1os m\u00e1s.<\/p>\n\n\n\n<p class=\"wp-block-paragraph\">Tras lo que fue el caldeado clima en la derrota 3-1 con Talleres de C\u00f3rdoba por la primera fecha de la Liga Profesional, el \u201cRojo\u201d acord\u00f3 la extensi\u00f3n del v\u00ednculo con el arquero Rodrigo Rey y empieza con una buena noticia la semana previa al encuentro ante Platense en Vicente L\u00f3pez.<\/p>\n\n\n\n<p class=\"wp-block-paragraph\">El futbolista cordob\u00e9s de 33 a\u00f1os e Independiente est\u00e1n intercambiando papeles y ultimando detalles para renovar contrato con el club de Avellaneda hasta diciembre de 2026. Resta definir si habr\u00e1 un monto para la cl\u00e1usula de rescisi\u00f3n.<\/p>\n\n\n\n<p class=\"wp-block-paragraph\">El ex Gimnasia de La Plata lleg\u00f3 al \u201cRojo\u201d en enero de 2023 para ser el arquero titular y cumpli\u00f3 la expectativa que el club y el hincha puso sobre \u00e9l, convirti\u00e9ndose en un pilar clave del hoy equipo de Carlos Tevez.<\/p>\n\n\n\n<p class=\"wp-block-paragraph\">Desde su llegada a Independiente hace un a\u00f1o y medio, el oriundo de Rio Cuarto tuvo 22 partidos con la valla invicta en 53 encuentros disputados.<\/p>\n","protected":false},"excerpt":{"rendered":"<p>Independiente lleg\u00f3<\/p>\n","protected":false},"author":1,"featured_media":52105,"comment_status":"closed","ping_status":"closed","sticky":false,"template":"","format":"standard","meta":{"footnotes":""},"categories":[6],"tags":[],"class_list":["post-52104","post","type-post","status-publish","format-standard","has-post-thumbnail","hentry","category-deportes"],"_links":{"self":[{"href":"https:\/\/panoramadelsur.com.ar\/index.php?rest_route=\/wp\/v2\/posts\/52104","targetHints":{"allow":["GET"]}}],"collection":[{"href":"https:\/\/panoramadelsur.com.ar\/index.php?rest_route=\/wp\/v2\/posts"}],"about":[{"href":"https:\/\/panoramadelsur.com.ar\/index.php?rest_route=\/wp\/v2\/types\/post"}],"author":[{"embeddable":true,"href":"https:\/\/panoramadelsur.com.ar\/index.php?rest_route=\/wp\/v2\/users\/1"}],"replies":[{"embeddable":true,"href":"https:\/\/panoramadelsur.com.ar\/index.php?rest_route=%2Fwp%2Fv2%2Fcomments&post=52104"}],"version-history":[{"count":1,"href":"https:\/\/panoramadelsur.com.ar\/index.php?rest_route=\/wp\/v2\/posts\/52104\/revisions"}],"predecessor-version":[{"id":52106,"href":"https:\/\/panoramadelsur.com.ar\/index.php?rest_route=\/wp\/v2\/posts\/52104\/revisions\/52106"}],"wp:featuredmedia":[{"embeddable":true,"href":"https:\/\/panoramadelsur.com.ar\/index.php?rest_route=\/wp\/v2\/media\/52105"}],"wp:attachment":[{"href":"https:\/\/panoramadelsur.com.ar\/index.php?rest_route=%2Fwp%2Fv2%2Fmedia&parent=52104"}],"wp:term":[{"taxonomy":"category","embeddable":true,"href":"https:\/\/panoramadelsur.com.ar\/index.php?rest_route=%2Fwp%2Fv2%2Fcategories&post=52104"},{"taxonomy":"post_tag","embeddable":true,"href":"https:\/\/panoramadelsur.com.ar\/index.php?rest_route=%2Fwp%2Fv2%2Ftags&post=52104"}],"curies":[{"name":"wp","href":"https:\/\/api.w.org\/{rel}","templated":true}]}}