{"id":52116,"date":"2024-05-14T01:05:00","date_gmt":"2024-05-14T04:05:00","guid":{"rendered":"https:\/\/panoramadelsur.com.ar\/?p=52116"},"modified":"2024-05-13T22:22:53","modified_gmt":"2024-05-14T01:22:53","slug":"organizaciones-sociales-denunciaron-allanamientos-en-los-domicilios-de-sus-militantes","status":"publish","type":"post","link":"https:\/\/panoramadelsur.com.ar\/?p=52116","title":{"rendered":"ORGANIZACIONES SOCIALES DENUNCIARON ALLANAMIENTOS EN LOS DOMICILIOS DE SUS MILITANTES"},"content":{"rendered":"\n<p class=\"wp-block-paragraph\">Organizaciones Sociales denunciaron que ayer lunes fueron allanados los domicilios de varios de sus militantes en el contexto de una causa por \u201ccoacci\u00f3n, extorsi\u00f3n y defraudaci\u00f3n contra la administraci\u00f3n p\u00fablica\u201d impulsada por el Gobierno nacional, y aclararon que hasta el momento no se produjeron detenciones.<\/p>\n\n\n\n<p class=\"wp-block-paragraph\">Se trata de una denuncia presentada ante Juzgado Federal N\u00famero 7 a cargo del magistrado Mart\u00edn Smietniansky, quien investiga supuestas amenazas hechas a beneficiarios de los planes sociales por parte de dirigentes sociales, y que se denunciaron a la l\u00ednea 134, habilitada por el Gobierno.<\/p>\n\n\n\n<p class=\"wp-block-paragraph\">Desde el FOL consideran que estos procedimientos son una respuesta a las movilizaciones que comenzaron el pasado 20 de diciembre, cuando se puso en marcha\u00a0el denominado \u201cprotocolo antipiquetes\u201d elaborado por la ministra de Seguridad, Patricia Bullrich, seg\u00fan indicaron desde esta organizaci\u00f3n.\u00a0\u00a0\u00a0\u00a0<\/p>\n\n\n\n<p class=\"wp-block-paragraph\">\u201cLos operativos realizados por la Polic\u00eda Federal se dieron contra las casas de militantes, comedores y locales de las organizaciones que nos venimos oponiendo a la pol\u00edtica de ajuste de Javier Milei y de la ministra (de Capital Humano) Sandra Pettovello\u201d, se\u00f1alaron desde el Frente de Organizaciones en Lucha (FOL) en un comunicado.&nbsp;<\/p>\n\n\n\n<p class=\"wp-block-paragraph\">Para esta agrupaci\u00f3n, \u201cesta avanzada busca ocultar la desidia estatal que est\u00e1 llevando a millones de personas a la pobreza e indigencia, al tiempo que vac\u00eda los comedores comunitarios y recorta programas de empleo a las familias m\u00e1s castigadas por el ajuste en curso\u201d.\u00a0\u00a0<\/p>\n\n\n\n<p class=\"wp-block-paragraph\">\u201cPor suerte est\u00e1n todos bien,\u00a0no los detuvieron. Les secuestraron los celulares y computadoras. En el caso de Charly (Fern\u00e1ndez, referente del FOL),\u00a0la situaci\u00f3n fue bastante violenta. Los agentes de la Federal le gritaban a su compa\u00f1era: \u2018vos vas a las marchas. Tu marido va a las marchas\u2019. Estaban ellos dos con sus hijos.\u201d, relat\u00f3 a la se\u00f1al Canal Abierto Analia, militante de esta agrupaci\u00f3n<\/p>\n\n\n\n<p class=\"wp-block-paragraph\">Los allanamientos comenzaron a la madrugada y continuaron en la tarde de ayer lunes, e incluso se requisaron oficinas que el FOL utiliza para gestionar sus cooperativas.<\/p>\n\n\n\n<p class=\"wp-block-paragraph\">Adem\u00e1s, se realizaron procedimientos en locales de otras organizaciones y\u00a0la Justica habr\u00eda librado 27 \u00f3rdenes en el marco de esta causa.\u00a0\u00a0\u00a0<\/p>\n\n\n\n<p class=\"wp-block-paragraph\">\u201cEstuve hablando con compa\u00f1eros de otras organizaciones, la denuncia es la misma.\u00a0Es una causa federal enmarcada en la\u00a0respuesta a la movilizaci\u00f3n del 20 de diciembre del 2023\u201d, explic\u00f3 Anal\u00eda.\u00a0<\/p>\n\n\n\n<p class=\"wp-block-paragraph\">Las organizaciones sociales, de todo el espectro pol\u00edtico, vienen solicitando un espacio de di\u00e1logo al Ministerio de Capital Humano y exigen que se reestablezca la entrega de alimentos a los comedores populares.&nbsp;<\/p>\n\n\n\n<p class=\"wp-block-paragraph\">\u201cEs una acci\u00f3n enmarcada en la persecuci\u00f3n del gobierno hacia las organizaciones. Lo que pretenden es ensuciar a las organizaciones, criminalizarnos.\u201d, concluye la vocera del FOL.<\/p>\n\n\n\n<p class=\"wp-block-paragraph\">\u201cNo es casual esta ofensiva despu\u00e9s de las masivas movilizaciones realizadas por las organizaciones territoriales que venimos oponi\u00e9ndonos a las pol\u00edticas de saqueo y ajuste llevadas a cabo por el Gobierno nacional. Ante tama\u00f1a provocaci\u00f3n, no pensamos bajar los brazos y nos mantendremos firmes en la calle luchando por los derechos que se nos quiere arrebatar\u201d, subrayaron desde el FOL.<\/p>\n\n\n\n<p class=\"wp-block-paragraph\">Ante estos hechos, organizaciones sociales de la izquierda y el peronismo realizaron una conferencia de prensa en Plaza Congreso para repudiar estos allanamientos y coincidieron en se\u00f1alar que\u00a0se trat\u00f3 de \u201cun amedrentamiento m\u00e1s\u201d contra agrupaciones que trabajan a diario en \u201clos territorios para impedir que entren los narcos y ayudan a los vecinos a salir de la miseria\u201d.<\/p>\n\n\n\n<p class=\"wp-block-paragraph\">\u201cSi fueron hacer allanamientos en los locales, que busquen los remitos de las rendiciones que les hicimos cuando les reclamamos los alimentos para nuestros comedores. Les rendimos a todos los gobiernos los alimentos que nos entregan a granel. Nunca recibimos plata\u201d, remarc\u00f3 en este encuentro el referente del Polo Obrero, Eduardo Belliboni.<\/p>\n\n\n\n<p class=\"wp-block-paragraph\">En tanto, el Juzgado Contencioso Administrativo n\u00famero 7, a cargo de Walter Lara Correa, anunci\u00f3 que tramitar\u00e1\u00a0con car\u00e1cter colectivo\u00a0una causa iniciada por la Uni\u00f3n de Trabajadoras y Trabajadores de la Econom\u00eda Popular (UTEP) un amparo contra el Ministerio de Capital Humano para que se\u00a0garantizar la provisi\u00f3n de alimentos a los comedores populares y merenderos.<\/p>\n","protected":false},"excerpt":{"rendered":"<p>Organizaciones Sociales<\/p>\n","protected":false},"author":1,"featured_media":52117,"comment_status":"closed","ping_status":"closed","sticky":false,"template":"","format":"standard","meta":{"footnotes":""},"categories":[4],"tags":[59],"class_list":["post-52116","post","type-post","status-publish","format-standard","has-post-thumbnail","hentry","category-nacionales","tag-nacionales"],"_links":{"self":[{"href":"https:\/\/panoramadelsur.com.ar\/index.php?rest_route=\/wp\/v2\/posts\/52116","targetHints":{"allow":["GET"]}}],"collection":[{"href":"https:\/\/panoramadelsur.com.ar\/index.php?rest_route=\/wp\/v2\/posts"}],"about":[{"href":"https:\/\/panoramadelsur.com.ar\/index.php?rest_route=\/wp\/v2\/types\/post"}],"author":[{"embeddable":true,"href":"https:\/\/panoramadelsur.com.ar\/index.php?rest_route=\/wp\/v2\/users\/1"}],"replies":[{"embeddable":true,"href":"https:\/\/panoramadelsur.com.ar\/index.php?rest_route=%2Fwp%2Fv2%2Fcomments&post=52116"}],"version-history":[{"count":1,"href":"https:\/\/panoramadelsur.com.ar\/index.php?rest_route=\/wp\/v2\/posts\/52116\/revisions"}],"predecessor-version":[{"id":52118,"href":"https:\/\/panoramadelsur.com.ar\/index.php?rest_route=\/wp\/v2\/posts\/52116\/revisions\/52118"}],"wp:featuredmedia":[{"embeddable":true,"href":"https:\/\/panoramadelsur.com.ar\/index.php?rest_route=\/wp\/v2\/media\/52117"}],"wp:attachment":[{"href":"https:\/\/panoramadelsur.com.ar\/index.php?rest_route=%2Fwp%2Fv2%2Fmedia&parent=52116"}],"wp:term":[{"taxonomy":"category","embeddable":true,"href":"https:\/\/panoramadelsur.com.ar\/index.php?rest_route=%2Fwp%2Fv2%2Fcategories&post=52116"},{"taxonomy":"post_tag","embeddable":true,"href":"https:\/\/panoramadelsur.com.ar\/index.php?rest_route=%2Fwp%2Fv2%2Ftags&post=52116"}],"curies":[{"name":"wp","href":"https:\/\/api.w.org\/{rel}","templated":true}]}}