{"id":52172,"date":"2024-05-15T01:02:00","date_gmt":"2024-05-15T04:02:00","guid":{"rendered":"https:\/\/panoramadelsur.com.ar\/?p=52172"},"modified":"2024-05-15T19:19:44","modified_gmt":"2024-05-15T22:19:44","slug":"desempleo-registrado-los-despidos-en-changomas-se-suman-a-los-de-acindar-pepsico-general-motors-y-fate","status":"publish","type":"post","link":"https:\/\/panoramadelsur.com.ar\/?p=52172","title":{"rendered":"DESEMPLEO REGISTRADO: LOS DESPIDOS EN CHANGOMAS SE SUMAN A LOS DE ACINDAR, PEPSICO, GENERAL MOTORS Y FATE"},"content":{"rendered":"\n<p class=\"wp-block-paragraph\">Los 150 despidos denunciados hoy en\u00a0varias sucursales de Changomas, n\u00famero que podr\u00edan\u00a0llegar a 500\u00a0en las pr\u00f3ximas horas, engrosan\u00a0la lista que se viene gestando en estos \u00faltimos meses en las\u00a0plantillas registradas de industrias\u00a0como Acindar, PepsiCo, General Motors, Fate. Y en\u00a0cadenas comerciales como Jumbo y Diarco.<\/p>\n\n\n\n<p class=\"wp-block-paragraph\">Se suman a los\u00a0100 mil empleos registrados destruidos en el primer trimestre del a\u00f1o,\u00a0seg\u00fan c\u00e1lculos del Centro de Econom\u00eda Pol\u00edtica Argentina (CEPA), hechos a partir de la Encuesta de Indicadores Laborales de la Secretar\u00eda de Trabajo, vinculada a las bases del Sistema Integrado Previsional Argentino (SIPA).<\/p>\n\n\n\n<p class=\"wp-block-paragraph\">La cadena Changomas lleva cesanteados\u00a027 trabajadores y trabajadoras en San Justo. Otros 7 en La Tablada, y en el shopping Alto Avellaneda ya se cuentan 17.\u00a0Y pueden agregarse m\u00e1s telegramas en la sucursal de Bah\u00eda Blanca.\u00a0<\/p>\n\n\n\n<p class=\"wp-block-paragraph\">La empresa aduce la\u00a0ca\u00edda de las ventas por la situaci\u00f3n econ\u00f3mica\u00a0que atraviesa el pa\u00eds.<\/p>\n\n\n\n<p class=\"wp-block-paragraph\">Hace unos d\u00edas no m\u00e1s,\u00a0Fate, una de las tres f\u00e1bricas que\u00a0producen neum\u00e1ticos\u00a0en la Argentina, anunci\u00f3 que\u00a0despedir\u00e1 a 97 empleados\u00a0y que, consecuentemente,\u00a0ajustar\u00e1 su estructura, para adecuar sus operaciones al contexto del negocio.\u00a0<\/p>\n\n\n\n<p class=\"wp-block-paragraph\">Hoy se llev\u00f3 a cabo una\u00a0asamblea en la planta de San Fernando\u00a0convocada por el Sindicato \u00danico de Trabajadores del Neum\u00e1tico Argentino (Sutna).<\/p>\n\n\n\n<p class=\"wp-block-paragraph\">El grupo\u00a0Arcelor Mittal, due\u00f1o de\u00a0Acindar, paraliz\u00f3 por segunda vez este a\u00f1o su planta de Villa Constituci\u00f3n como\u00a0respuesta al derrumbe en las ventas. Afecta a m\u00e1s de 3.000 operarios.\u00a0<\/p>\n\n\n\n<p class=\"wp-block-paragraph\">La capacidad instalada de Acindar es de un mill\u00f3n setecientas mil toneladas, el promedio de producci\u00f3n que tuvo es de un mill\u00f3n cuatrocientas mil y tienen apenas seiscientas mil toneladas para este a\u00f1o.<\/p>\n\n\n\n<h2 class=\"wp-block-heading\">Despidos por doquier<\/h2>\n\n\n\n<p class=\"wp-block-paragraph\">Por su parte, la multinacional\u00a0Pepsico\u00a0confirm\u00f3 la semana pasada el\u00a0despido de 36 de sus 400 trabajadores\u00a0que se desempe\u00f1an en la planta instalada en el Parque Industrial General Savio de Mar del Plata.<\/p>\n\n\n\n<p class=\"wp-block-paragraph\">La automotriz\u00a0General Motors\u00a0tambi\u00e9n achica su plantilla de personal a trav\u00e9s de\u00a0retiros voluntarios en la f\u00e1brica ubicada en la ciudad santafesina de Alvear,\u00a0donde se produce la\u00a0Chevrolet Tracker.\u00a0Hasta fin de a\u00f1o asimismo fabricaba el modelo Cruze.\u00a0<\/p>\n\n\n\n<p class=\"wp-block-paragraph\">Fren\u00f3 la actividad y cerr\u00f3 entre el lunes 22 y el 29 de abril.<\/p>\n\n\n\n<p class=\"wp-block-paragraph\">Toyota\u00a0abri\u00f3 un proceso de retiros voluntarios para 400 trabajadores, mientras que\u00a0Renault\u00a0lo hizo para alrededor de 270.<\/p>\n\n\n\n<h3 class=\"wp-block-heading\">100 mil despidos en el trimestre<\/h3>\n\n\n\n<p class=\"wp-block-paragraph\">La seguidilla empalm\u00f3 con el panorama descripto por el Centro de Econom\u00eda Pol\u00edtica Argentina (CEPA) para el primer trimestre del a\u00f1o.\u00a0<\/p>\n\n\n\n<p class=\"wp-block-paragraph\">Con los\u00a020.666 puestos de trabajo registrados perdidos en febrero,\u00a0en el\u00a0<strong>primer trimestre\u00a0<\/strong>la ca\u00edda totaliz\u00f3 62.920 y para marzo proyectaban otros 34.166, a partir de la Encuesta de Indicadores Laborales de la Secretar\u00eda de Trabajo.<\/p>\n\n\n\n<p class=\"wp-block-paragraph\">O sea, que fueron en total se contabilizan\u00a0alrededor de 100 mil los empleos registrados resignados,\u00a0lo cual se explica por la\u00a0utilizaci\u00f3n del 53,4% de la capacidad instalada de las industrias durante marzo de 2024.<\/p>\n\n\n\n<p class=\"wp-block-paragraph\">Los sectores de actividad que mayor p\u00e9rdida de empleo sufrieron fueron\u00a0construcci\u00f3n (-12.949), actividades inmobiliarias, empresariales y de alquiler (-4.488) e industria (-2.013).\u00a0<\/p>\n\n\n\n<p class=\"wp-block-paragraph\">Pero en los primeros tres meses, el sector m\u00e1s afectado fue la construcci\u00f3n (-46.249).<\/p>\n\n\n\n<p class=\"wp-block-paragraph\">Se\u00f1ala el informe que hasta agosto de 2023, se hab\u00edan registrado\u00a037 meses de crecimiento sostenido del empleo registrado privado, que se vieron interrumpidos en septiembre en el contexto de incertidumbre electoral, a partir del cual comenz\u00f3 un sendero a la baja.\u00a0<\/p>\n\n\n\n<p class=\"wp-block-paragraph\">Con la asunci\u00f3n del nuevo gobierno, esta tendencia se profundiz\u00f3, movida por el derrumbe de la actividad econ\u00f3mica.<\/p>\n\n\n\n<p class=\"wp-block-paragraph\">Al comparar la\u00a0cantidad de puestos de trabajo asalariado registrados en el sector privado\u00a0en noviembre de 2023, \u00faltimo mes del gobierno del Frente de Todos, y enero de 2012, primer mes de la serie SIPA, el\u00a0crecimiento es de 305.752 puestos, lo cual representa apenas un 5% en 12 a\u00f1os.\u00a0<\/p>\n\n\n\n<p class=\"wp-block-paragraph\">En los \u00faltimos a\u00f1os,\u00a0Argentina enfrent\u00f3 dos grandes crisis de empleo:\u00a0la primera, iniciada en abril de 2018, producto del colapso del gobierno de Cambiemos y, la segunda, iniciada en marzo de 2020, en el contexto de la pandemia del COVID-19.\u00a0<\/p>\n\n\n\n<p class=\"wp-block-paragraph\">Mientras que la segunda result\u00f3 de una\u00a0crisis sanitaria que afect\u00f3 al mundo entero,\u00a0la primera estuvo asociada a un modelo econ\u00f3mico que subestim\u00f3 el peso del consumo interno en el nivel de actividad y se centr\u00f3 en la atracci\u00f3n de capitales externos especulativos, analiza CEPA.<\/p>\n\n\n\n<h2 class=\"wp-block-heading\">Recuperaci\u00f3n de empleos<\/h2>\n\n\n\n<p class=\"wp-block-paragraph\">A partir de agosto de 2020, Argentina comenz\u00f3 un\u00a0sendero de crecimiento del empleo\u00a0que le permiti\u00f3 recuperar no s\u00f3lo lo perdido durante la pandemia, sino tambi\u00e9n en la gesti\u00f3n anterior.\u00a0<\/p>\n\n\n\n<p class=\"wp-block-paragraph\">A noviembre de 2023, se hab\u00edan generado\u00a0581 mil puestos de trabajo desde el m\u00ednimo de la pandemia (julio 2020), superando en casi 93 mil los niveles de empleo\u00a0registrados en abril de 2018 (m\u00e1ximo del per\u00edodo de Cambiemos).<\/p>\n\n\n\n<p class=\"wp-block-paragraph\">Es decir, si bien la creaci\u00f3n de empleo en el an\u00e1lisis entre puntas muestra resultados m\u00e1s bien magros, no se trat\u00f3 de un per\u00edodo homog\u00e9neo, sino que\u00a0hubo un claro contraste en la evoluci\u00f3n de esta variable en funci\u00f3n del modelo econ\u00f3mico sostenido,\u00a0explica CEPA.<\/p>\n\n\n\n<p class=\"wp-block-paragraph\">Mientras que\u00a0en las etapas en las que se puso el foco en lo productivo, se cre\u00f3 empleo,\u00a0cuando se potenci\u00f3 un esquema de valorizaci\u00f3n financiera\u00a0se destruyeron puestos de trabajo.\u00a0<\/p>\n\n\n\n<p class=\"wp-block-paragraph\">Entre agosto de 2022 y agosto de 2023, se produjo un fen\u00f3meno muy particular:\u00a0un crecimiento del empleo a la par de un amesetamiento de la actividad\u00a0(que se retrajo 1,1% pero se generaron\u00a0200 mil puestos de trabajo registrado privado).<\/p>\n\n\n\n<p class=\"wp-block-paragraph\">A partir de septiembre 2023, la evoluci\u00f3n de ambas variables se alinea y comienzan a ir en el mismo sentido.<\/p>\n\n\n\n<p class=\"wp-block-paragraph\">En febrero de 2024, la ca\u00edda de los puestos de trabajo va en consonancia con un desplome de la actividad econ\u00f3mica de 3,2% interanual.&nbsp;<\/p>\n\n\n\n<p class=\"wp-block-paragraph\">Hacia adelante, los indicadores tempranos de actividad econ\u00f3mica de marzo, que muestran ca\u00eddas de dos d\u00edgitos interanuales, permiten estimar que\u00a0el empleo va a continuar esta trayectoria a la baja.<\/p>\n\n\n\n<p class=\"wp-block-paragraph\">En la composici\u00f3n del\u00a0empleo privado registrado\u00a0en la Argentina, la\u00a0construcci\u00f3n\u00a0abarca en febrero de 2024 un 6,2% de los puestos de trabajo, siendo que\u00a0la principal actividad econ\u00f3mica\u00a0en materia de empleo en el sector privado es el comercio, que re\u00fane al 19,5% del total.<\/p>\n\n\n\n<p class=\"wp-block-paragraph\">La distribuci\u00f3n de los puestos por sector es relevante en el marco de la discusi\u00f3n en el Congreso de la Naci\u00f3n de un R\u00e9gimen de Incentivo a las Grandes Inversiones (RIGI)[2], con el cual se pretende\u00a0dinamizar el empleo\u00a0en nuestro pa\u00eds.<\/p>\n\n\n\n<p class=\"wp-block-paragraph\">Dicho r\u00e9gimen apunta a\u00a0atraer inversiones que activen determinados sectores de actividad: el agro, la miner\u00eda y los hidrocarburos.\u00a0<\/p>\n\n\n\n<p class=\"wp-block-paragraph\">La incidencia que tienen sobre el total del empleo registrado es m\u00e1s bien marginal: constituyen s\u00f3lo un 6,5% del total.<\/p>\n\n\n\n<p class=\"wp-block-paragraph\">Advierte CEPA que\u00a0este r\u00e9gimen pondr\u00eda en jaque a la industria manufacturera,\u00a0que genera el\u00a018,8% del total de los puestos de trabajo,\u00a0constituyendo la segunda actividad econ\u00f3mica m\u00e1s importante en materia de empleo.\u00a0<\/p>\n\n\n\n<p class=\"wp-block-paragraph\">En los \u00faltimos tres meses, este sector ha perdido 5.520 puestos, una retracci\u00f3n de 0,5%.<\/p>\n","protected":false},"excerpt":{"rendered":"<p>Los 150<\/p>\n","protected":false},"author":1,"featured_media":52173,"comment_status":"closed","ping_status":"closed","sticky":false,"template":"","format":"standard","meta":{"footnotes":""},"categories":[10,4],"tags":[],"class_list":["post-52172","post","type-post","status-publish","format-standard","has-post-thumbnail","hentry","category-mas-noticias","category-nacionales"],"_links":{"self":[{"href":"https:\/\/panoramadelsur.com.ar\/index.php?rest_route=\/wp\/v2\/posts\/52172","targetHints":{"allow":["GET"]}}],"collection":[{"href":"https:\/\/panoramadelsur.com.ar\/index.php?rest_route=\/wp\/v2\/posts"}],"about":[{"href":"https:\/\/panoramadelsur.com.ar\/index.php?rest_route=\/wp\/v2\/types\/post"}],"author":[{"embeddable":true,"href":"https:\/\/panoramadelsur.com.ar\/index.php?rest_route=\/wp\/v2\/users\/1"}],"replies":[{"embeddable":true,"href":"https:\/\/panoramadelsur.com.ar\/index.php?rest_route=%2Fwp%2Fv2%2Fcomments&post=52172"}],"version-history":[{"count":1,"href":"https:\/\/panoramadelsur.com.ar\/index.php?rest_route=\/wp\/v2\/posts\/52172\/revisions"}],"predecessor-version":[{"id":52174,"href":"https:\/\/panoramadelsur.com.ar\/index.php?rest_route=\/wp\/v2\/posts\/52172\/revisions\/52174"}],"wp:featuredmedia":[{"embeddable":true,"href":"https:\/\/panoramadelsur.com.ar\/index.php?rest_route=\/wp\/v2\/media\/52173"}],"wp:attachment":[{"href":"https:\/\/panoramadelsur.com.ar\/index.php?rest_route=%2Fwp%2Fv2%2Fmedia&parent=52172"}],"wp:term":[{"taxonomy":"category","embeddable":true,"href":"https:\/\/panoramadelsur.com.ar\/index.php?rest_route=%2Fwp%2Fv2%2Fcategories&post=52172"},{"taxonomy":"post_tag","embeddable":true,"href":"https:\/\/panoramadelsur.com.ar\/index.php?rest_route=%2Fwp%2Fv2%2Ftags&post=52172"}],"curies":[{"name":"wp","href":"https:\/\/api.w.org\/{rel}","templated":true}]}}