{"id":52360,"date":"2024-05-22T18:49:06","date_gmt":"2024-05-22T21:49:06","guid":{"rendered":"https:\/\/panoramadelsur.com.ar\/?p=52360"},"modified":"2024-05-22T18:49:09","modified_gmt":"2024-05-22T21:49:09","slug":"gollan-este-es-un-programa-de-endeudamiento-y-fuga-que-no-tiene-un-buen-fin-lo-dice-hasta-melconian","status":"publish","type":"post","link":"https:\/\/panoramadelsur.com.ar\/?p=52360","title":{"rendered":"GOLL\u00c1N: \u00abESTE ES UN PROGRAMA DE ENDEUDAMIENTO Y FUGA QUE NO TIENE UN BUEN FIN, LO DICE HASTA MELCONIAN\u00bb"},"content":{"rendered":"\n<p>El diputado nacional de Uni\u00f3n por la Patria Daniel Goll\u00e1n afirm\u00f3 que este \u201cno es un programa econ\u00f3mico, sino de endeudamiento y fuga que no tiene un buen fin\u00bb y, asever\u00f3 que no s\u00f3lo es una opini\u00f3n propia sino que \u201clo dice hasta Melconian\u201d.<\/p>\n\n\n\n<p>Asimismo, y en referencia su espacio pol\u00edtico, Goll\u00e1n consider\u00f3 que actualmente son un grupo de \u201ccoaliciones\u201d que, despu\u00e9s de perder las \u00faltimas elecciones, \u201cni siquiera se sientan a emitir un comunicado para orientar\u201d porque \u201cno tienen organicidad\u201d.<\/p>\n\n\n\n<p>En di\u00e1logo con Radio Splendid, consider\u00f3 que se debe dar \u201cun debate rico\u201d entre todo el partido y \u201csalir a la sociedad con un proyecto cre\u00edble para poder terminar con el neoliberalismo\u201d.<\/p>\n\n\n\n<p>\u00abTenemos que ver qu\u00e9 hacemos mal nosotros para que no nos ganen estos discursos que nos plantean que \u2018si cada uno hace la suya, nos va ir mejor\u2019 porque no es as\u00ed\u201d, sostuvo el funcionario.<\/p>\n\n\n\n<p>Por otra parte, declar\u00f3 que, como agrupaci\u00f3n, deben \u201corganizar una estructura de comunicaci\u00f3n con un solo mando para dominar las redes sociales\u00bb y, al mismo tiempo, tener \u201cuna mesa chica\u201d para entablar di\u00e1logos con intendentes, gobernadores y sindicalistas.<\/p>\n\n\n\n<p>\u00abTodo el mundo dice que discutamos para adentro, entonces, armemos un adentro. Eso es lo que est\u00e1 haciendo (Axel) Kicillof con la Provincia de Buenos Aires. Creo que va en el sentido correcto\u00bb, afirm\u00f3.<\/p>\n\n\n\n<h2 class=\"wp-block-heading\">El plan econ\u00f3mico de Milei<\/h2>\n\n\n\n<p>Para Goll\u00e1n, la gesti\u00f3n actual no tiene un plan econ\u00f3mico, sino que es \u201ces un programa de endeudamiento y fuga que no tiene un buen fin\u201d y que no s\u00f3lo es su apreciaci\u00f3n personal sino que \u201chasta (Carlos) Melconian lo dice\u201d.<\/p>\n\n\n\n<p>Paralelamente, remarc\u00f3 que \u00abhay un grupo de empresarios que hacen muchos negocios y que ganan\u201d con el ajuste que recibe principalmente la clase media y los m\u00faltiples recortes hacia las dependencias estatales y varios sectores privados.<\/p>\n\n\n\n<p>Sin embargo, al ser consultado sobre cu\u00e1les fueron los mejores periodos para el sector empresarial, asever\u00f3 que durante las presidencias peronistas obtuvieron los resultados m\u00e1s eficientes.<\/p>\n\n\n\n<p>\u00abSi les preguntas a los empresarios cu\u00e1les fueron sus mejores momentos te van a decir que fueron con Per\u00f3n, con N\u00e9stor y con Cristina, pero nunca van a votar a un kirchnerista\u00bb, apunt\u00f3.<\/p>\n\n\n\n<p>En la misma l\u00ednea, el diputado consider\u00f3 l\u00f3gico que los empresarios quieran ganar dinero porque \u201ces parte del capitalismo\u201d, sin embargo, para que haya equidad \u201cdebe haber un Estado que ponga l\u00edmites\u201d y as\u00ed \u201credistribuir la riqueza\u00bb.<\/p>\n\n\n\n<p>Para el diputado de Uni\u00f3n por la Patria, desde el primer d\u00eda que asumi\u00f3 Milei, \u201cmostr\u00f3 su desprecio absoluto por el parlamento del cual formaba parte\u201d y que, por ese motivo, \u201casumi\u00f3 de espaldas\u201d: \u201cTiene actitudes de tirano, no cree en el Estado ni en la democracia\u201d, sostuvo.<\/p>\n\n\n\n<p>\u00abQue siga haciendo show, burl\u00e1ndose de la gente, mientras en Misiones pasa lo que est\u00e1 pasando. Esperemos que nada de esto suceda, pero con este proyecto econ\u00f3mico es imposible pensar en otro destino\u00bb, concluy\u00f3.<\/p>\n","protected":false},"excerpt":{"rendered":"<p>El diputado<\/p>\n","protected":false},"author":1,"featured_media":52361,"comment_status":"closed","ping_status":"closed","sticky":false,"template":"","format":"standard","meta":{"footnotes":""},"categories":[4],"tags":[],"class_list":["post-52360","post","type-post","status-publish","format-standard","has-post-thumbnail","hentry","category-nacionales"],"_links":{"self":[{"href":"https:\/\/panoramadelsur.com.ar\/index.php?rest_route=\/wp\/v2\/posts\/52360","targetHints":{"allow":["GET"]}}],"collection":[{"href":"https:\/\/panoramadelsur.com.ar\/index.php?rest_route=\/wp\/v2\/posts"}],"about":[{"href":"https:\/\/panoramadelsur.com.ar\/index.php?rest_route=\/wp\/v2\/types\/post"}],"author":[{"embeddable":true,"href":"https:\/\/panoramadelsur.com.ar\/index.php?rest_route=\/wp\/v2\/users\/1"}],"replies":[{"embeddable":true,"href":"https:\/\/panoramadelsur.com.ar\/index.php?rest_route=%2Fwp%2Fv2%2Fcomments&post=52360"}],"version-history":[{"count":1,"href":"https:\/\/panoramadelsur.com.ar\/index.php?rest_route=\/wp\/v2\/posts\/52360\/revisions"}],"predecessor-version":[{"id":52362,"href":"https:\/\/panoramadelsur.com.ar\/index.php?rest_route=\/wp\/v2\/posts\/52360\/revisions\/52362"}],"wp:featuredmedia":[{"embeddable":true,"href":"https:\/\/panoramadelsur.com.ar\/index.php?rest_route=\/wp\/v2\/media\/52361"}],"wp:attachment":[{"href":"https:\/\/panoramadelsur.com.ar\/index.php?rest_route=%2Fwp%2Fv2%2Fmedia&parent=52360"}],"wp:term":[{"taxonomy":"category","embeddable":true,"href":"https:\/\/panoramadelsur.com.ar\/index.php?rest_route=%2Fwp%2Fv2%2Fcategories&post=52360"},{"taxonomy":"post_tag","embeddable":true,"href":"https:\/\/panoramadelsur.com.ar\/index.php?rest_route=%2Fwp%2Fv2%2Ftags&post=52360"}],"curies":[{"name":"wp","href":"https:\/\/api.w.org\/{rel}","templated":true}]}}