{"id":52367,"date":"2024-05-22T18:58:15","date_gmt":"2024-05-22T21:58:15","guid":{"rendered":"https:\/\/panoramadelsur.com.ar\/?p=52367"},"modified":"2024-05-22T18:58:23","modified_gmt":"2024-05-22T21:58:23","slug":"nuevas-obras-de-mejora-de-la-red-vial-en-distintos-barrios-de-berazategui","status":"publish","type":"post","link":"https:\/\/panoramadelsur.com.ar\/?p=52367","title":{"rendered":"NUEVAS OBRAS DE MEJORA DE LA RED VIAL EN DISTINTOS BARRIOS DE BERAZATEGUI"},"content":{"rendered":"\n<p>La Municipalidad de Berazategui sigue realizando trabajos de mejora de la red vial en distintos barrios de la ciudad. De esta manera, se efect\u00faan tareas de saneamiento, preparaci\u00f3n del suelo y colocaci\u00f3n de carpeta asf\u00e1ltica con terminaciones en hormig\u00f3n.<\/p>\n\n\n\n<p>Las obras son impulsadas por el intendente Juan Jos\u00e9 Mussi y se concretan actualmente en varios puntos del distrito: en la calle 264 A e\/ 206 y 207, con un avance del 70%; y en 107 e\/ Av. 7 y 9, con un avance del 90%.<\/p>\n\n\n\n<p>Al respecto, Gustavo Ribeiro Dos Santos -arquitecto de la Secretar\u00eda de Obras P\u00fablicas municipal- inform\u00f3: \u201cAhora estamos trabajando en la calle 26 e\/ 131 y 131 A; estamos en la etapa de movimiento de suelo. Este se est\u00e1 estabilizando con cemento para, luego, colocar la carpeta asf\u00e1ltica y realizar las terminaciones. La obra avanz\u00f3 en un 60%. Se ha trabajado en m\u00e1s de 500 metros de mejorado con carpeta asf\u00e1ltica\u201d.<\/p>\n\n\n\n<p>\u201cEstas obras mejorar\u00e1n el escurrimiento de las aguas, a trav\u00e9s de la nivelaci\u00f3n y colocaci\u00f3n de ca\u00f1os; as\u00ed como la transitabilidad, a trav\u00e9s del paquete estructural que se est\u00e1 colocando, de cemento y de carpeta asf\u00e1ltica\u201d, agreg\u00f3 el Arquitecto.<\/p>\n\n\n\n<p>Estos trabajos de infraestructura, con mano de obra, equipamiento y financiamiento \u00edntegramente municipales, representan una mejora sustancial para los vecinos y vecinas.<\/p>\n","protected":false},"excerpt":{"rendered":"<p>La Municipalidad<\/p>\n","protected":false},"author":1,"featured_media":52368,"comment_status":"closed","ping_status":"closed","sticky":false,"template":"","format":"standard","meta":{"footnotes":""},"categories":[3],"tags":[],"class_list":["post-52367","post","type-post","status-publish","format-standard","has-post-thumbnail","hentry","category-regionales"],"_links":{"self":[{"href":"https:\/\/panoramadelsur.com.ar\/index.php?rest_route=\/wp\/v2\/posts\/52367","targetHints":{"allow":["GET"]}}],"collection":[{"href":"https:\/\/panoramadelsur.com.ar\/index.php?rest_route=\/wp\/v2\/posts"}],"about":[{"href":"https:\/\/panoramadelsur.com.ar\/index.php?rest_route=\/wp\/v2\/types\/post"}],"author":[{"embeddable":true,"href":"https:\/\/panoramadelsur.com.ar\/index.php?rest_route=\/wp\/v2\/users\/1"}],"replies":[{"embeddable":true,"href":"https:\/\/panoramadelsur.com.ar\/index.php?rest_route=%2Fwp%2Fv2%2Fcomments&post=52367"}],"version-history":[{"count":1,"href":"https:\/\/panoramadelsur.com.ar\/index.php?rest_route=\/wp\/v2\/posts\/52367\/revisions"}],"predecessor-version":[{"id":52369,"href":"https:\/\/panoramadelsur.com.ar\/index.php?rest_route=\/wp\/v2\/posts\/52367\/revisions\/52369"}],"wp:featuredmedia":[{"embeddable":true,"href":"https:\/\/panoramadelsur.com.ar\/index.php?rest_route=\/wp\/v2\/media\/52368"}],"wp:attachment":[{"href":"https:\/\/panoramadelsur.com.ar\/index.php?rest_route=%2Fwp%2Fv2%2Fmedia&parent=52367"}],"wp:term":[{"taxonomy":"category","embeddable":true,"href":"https:\/\/panoramadelsur.com.ar\/index.php?rest_route=%2Fwp%2Fv2%2Fcategories&post=52367"},{"taxonomy":"post_tag","embeddable":true,"href":"https:\/\/panoramadelsur.com.ar\/index.php?rest_route=%2Fwp%2Fv2%2Ftags&post=52367"}],"curies":[{"name":"wp","href":"https:\/\/api.w.org\/{rel}","templated":true}]}}