{"id":52373,"date":"2024-05-22T19:10:32","date_gmt":"2024-05-22T22:10:32","guid":{"rendered":"https:\/\/panoramadelsur.com.ar\/?p=52373"},"modified":"2024-05-22T19:10:33","modified_gmt":"2024-05-22T22:10:33","slug":"advierten-que-el-pan-subira-hasta-2400-el-kilo-en-la-provincia-de-buenos-aires","status":"publish","type":"post","link":"https:\/\/panoramadelsur.com.ar\/?p=52373","title":{"rendered":"ADVIERTEN QUE EL PAN SUBIR\u00c1 HASTA $2400 EL KILO EN LA PROVINCIA DE BUENOS AIRES"},"content":{"rendered":"\n<p>El precio del kilo de pan aumentar\u00e1 a valores entre $ 2.200 y $ 2.400 en la provincia de Buenos Aires desde el pr\u00f3ximo lunes por la suba de costos, seg\u00fan anunci\u00f3 una entidad que agrupa a comerciantes del rubro.<\/p>\n\n\n\n<p>\u201cNos vemos en la obligaci\u00f3n de sacar una nueva lista de precios a nivel provincial, a partir del lunes 27, que establece que el precio sugerido del kilo de pan ser\u00e1 de 2.200 pesos, y 2.400 en la zonas c\u00e9ntricas\u201d, se\u00f1al\u00f3 Mart\u00edn Pinto, presidente del Centro de Industriales Panaderos de Merlo.<\/p>\n\n\n\n<p>\u201cNos reunimos representantes de numerosos centros de panaderos del Gran Buenos Aires, con el equipo econ\u00f3mico del CIPAN, para analizar los nuevos costos de nuestros productos, debido a los constantes aumentos que venimos sufriendo, en materia de tarifas de los servicios p\u00fablicos, las materias primas, los alquileres, las paritarias y todas las subas que son de conocimiento p\u00fablico\u201d, explic\u00f3 Pinto.<\/p>\n\n\n\n<p>Pinto lament\u00f3 esta situaci\u00f3n y afirm\u00f3 que tienen que tomar esta \u201cdr\u00e1stica resoluci\u00f3n para parar un poco con los cierres de panader\u00edas, intentar que no se sigan fundiendo los colegas y que no nos quedemos sin fuente de trabajo\u201d.<\/p>\n\n\n\n<p>Alunos de los centros de panaderos que adoptaron la medida, adem\u00e1s del mencionado de Merlo, son los de Marcos Paz, Las Heras, Moreno, General Rodr\u00edguez, San Miguel, Jos\u00e9 C. Paz, Malvinas Argentinas, Quilmes, Florencio Varela, San Pedro, Lobos y Navarro, entre otros.<\/p>\n\n\n\n<p>Por su parte, Emilio Majori, del Centro Industrial de Panaderos de La Matanza, se\u00f1al\u00f3 que su regi\u00f3n \u201chace tiempo que el pan se vende a $ 2.400 producto del aumento de los costos\u201d.<\/p>\n\n\n\n<p>En declaraciones a NA, consider\u00f3 que este ajuste que anunciaron en Merlo puede estar vinculado a una nueva reestructraci\u00f3n de costos propios.<\/p>\n","protected":false},"excerpt":{"rendered":"<p>El precio<\/p>\n","protected":false},"author":1,"featured_media":52374,"comment_status":"closed","ping_status":"closed","sticky":false,"template":"","format":"standard","meta":{"footnotes":""},"categories":[5],"tags":[],"class_list":["post-52373","post","type-post","status-publish","format-standard","has-post-thumbnail","hentry","category-provincia"],"_links":{"self":[{"href":"https:\/\/panoramadelsur.com.ar\/index.php?rest_route=\/wp\/v2\/posts\/52373","targetHints":{"allow":["GET"]}}],"collection":[{"href":"https:\/\/panoramadelsur.com.ar\/index.php?rest_route=\/wp\/v2\/posts"}],"about":[{"href":"https:\/\/panoramadelsur.com.ar\/index.php?rest_route=\/wp\/v2\/types\/post"}],"author":[{"embeddable":true,"href":"https:\/\/panoramadelsur.com.ar\/index.php?rest_route=\/wp\/v2\/users\/1"}],"replies":[{"embeddable":true,"href":"https:\/\/panoramadelsur.com.ar\/index.php?rest_route=%2Fwp%2Fv2%2Fcomments&post=52373"}],"version-history":[{"count":1,"href":"https:\/\/panoramadelsur.com.ar\/index.php?rest_route=\/wp\/v2\/posts\/52373\/revisions"}],"predecessor-version":[{"id":52375,"href":"https:\/\/panoramadelsur.com.ar\/index.php?rest_route=\/wp\/v2\/posts\/52373\/revisions\/52375"}],"wp:featuredmedia":[{"embeddable":true,"href":"https:\/\/panoramadelsur.com.ar\/index.php?rest_route=\/wp\/v2\/media\/52374"}],"wp:attachment":[{"href":"https:\/\/panoramadelsur.com.ar\/index.php?rest_route=%2Fwp%2Fv2%2Fmedia&parent=52373"}],"wp:term":[{"taxonomy":"category","embeddable":true,"href":"https:\/\/panoramadelsur.com.ar\/index.php?rest_route=%2Fwp%2Fv2%2Fcategories&post=52373"},{"taxonomy":"post_tag","embeddable":true,"href":"https:\/\/panoramadelsur.com.ar\/index.php?rest_route=%2Fwp%2Fv2%2Ftags&post=52373"}],"curies":[{"name":"wp","href":"https:\/\/api.w.org\/{rel}","templated":true}]}}